{"id":3875,"date":"2025-02-10T03:00:22","date_gmt":"2025-02-10T03:00:22","guid":{"rendered":"https:\/\/reporte272.com\/portal\/?p=3875"},"modified":"2025-02-10T03:00:23","modified_gmt":"2025-02-10T03:00:23","slug":"amplian-plazo-para-inscribirse-en-casamientos-gratuitos","status":"publish","type":"post","link":"https:\/\/reporte272.com\/portal\/amplian-plazo-para-inscribirse-en-casamientos-gratuitos\/","title":{"rendered":"Ampl\u00edan plazo para inscribirse en casamientos gratuitos"},"content":{"rendered":"\n<p class=\"wp-block-paragraph\"><strong>Camerino Z. Mendoza, Ver. 09\/02\/2025.-<\/strong> Debido a la alta demanda de parejas que desean casarse el pr\u00f3ximo 14 de febrero, el Registro Civil, en coordinaci\u00f3n con el DIF Municipal, que preside la se\u00f1ora Elvia Palestino Andrade, ha extendido una semana m\u00e1s el plazo de inscripci\u00f3n al programa &#8220;Matrimonios Gratuitos 2025&#8221;.<br>La ceremonia se llevar\u00e1 a cabo a las 18:00 horas en el Palacio Municipal, donde se dar\u00e1n cita las 32 parejas que, hasta este viernes, han completado su registro y entregado la documentaci\u00f3n requerida.<br>Las parejas que formalizar\u00e1n su uni\u00f3n recibir\u00e1n su acta de matrimonio gratuita durante el evento.<br>La ceremonia contar\u00e1 con la presencia de la presidenta del DIF Municipal, Elvia Palestino Andrade, de su esposo, el presidente municipal, H\u00e9ctor Rodr\u00edguez Cort\u00e9s; la directora del DIF, Fernanda Garc\u00e9s Linares, y otras autoridades, quienes presidir\u00e1n el evento y han preparado sorpresas especiales para las parejas asistentes.<br>Se recuerda a las parejas interesadas que a\u00fan pueden registrarse para formalizar su uni\u00f3n sin costo. Solo deben acudir con su documentaci\u00f3n a la oficial\u00eda del Registro Civil, de lunes a viernes, en horario de 9:00 a.m. a 3:00 p.m.<\/p>\n","protected":false},"excerpt":{"rendered":"<p>Camerino Z. Mendoza, Ver. 09\/02\/2025.- Debido a la alta demanda de parejas que desean casarse el pr\u00f3ximo 14 de febrero, el Registro Civil, en coordinaci\u00f3n con el DIF Municipal, que preside la se\u00f1ora Elvia Palestino Andrade, ha extendido una semana m\u00e1s el plazo de inscripci\u00f3n al programa &#8220;Matrimonios Gratuitos 2025&#8221;.La ceremonia se llevar\u00e1 a cabo [&hellip;]<\/p>\n","protected":false},"author":2,"featured_media":3876,"comment_status":"open","ping_status":"open","sticky":false,"template":"","format":"standard","meta":{"rop_custom_images_group":[],"rop_custom_messages_group":[],"rop_publish_now":"initial","rop_publish_now_accounts":{"facebook_2001103103558832_108675811699976":""},"rop_publish_now_history":[],"rop_publish_now_status":"pending","footnotes":""},"categories":[5],"tags":[],"class_list":["post-3875","post","type-post","status-publish","format-standard","has-post-thumbnail","hentry","category-local"],"_links":{"self":[{"href":"https:\/\/reporte272.com\/portal\/wp-json\/wp\/v2\/posts\/3875","targetHints":{"allow":["GET"]}}],"collection":[{"href":"https:\/\/reporte272.com\/portal\/wp-json\/wp\/v2\/posts"}],"about":[{"href":"https:\/\/reporte272.com\/portal\/wp-json\/wp\/v2\/types\/post"}],"author":[{"embeddable":true,"href":"https:\/\/reporte272.com\/portal\/wp-json\/wp\/v2\/users\/2"}],"replies":[{"embeddable":true,"href":"https:\/\/reporte272.com\/portal\/wp-json\/wp\/v2\/comments?post=3875"}],"version-history":[{"count":1,"href":"https:\/\/reporte272.com\/portal\/wp-json\/wp\/v2\/posts\/3875\/revisions"}],"predecessor-version":[{"id":3877,"href":"https:\/\/reporte272.com\/portal\/wp-json\/wp\/v2\/posts\/3875\/revisions\/3877"}],"wp:featuredmedia":[{"embeddable":true,"href":"https:\/\/reporte272.com\/portal\/wp-json\/wp\/v2\/media\/3876"}],"wp:attachment":[{"href":"https:\/\/reporte272.com\/portal\/wp-json\/wp\/v2\/media?parent=3875"}],"wp:term":[{"taxonomy":"category","embeddable":true,"href":"https:\/\/reporte272.com\/portal\/wp-json\/wp\/v2\/categories?post=3875"},{"taxonomy":"post_tag","embeddable":true,"href":"https:\/\/reporte272.com\/portal\/wp-json\/wp\/v2\/tags?post=3875"}],"curies":[{"name":"wp","href":"https:\/\/api.w.org\/{rel}","templated":true}]}}