{"id":3884,"date":"2025-02-10T03:37:08","date_gmt":"2025-02-10T03:37:08","guid":{"rendered":"https:\/\/reporte272.com\/portal\/?p=3884"},"modified":"2025-02-10T03:37:08","modified_gmt":"2025-02-10T03:37:08","slug":"levantan-a-vicente-dominguez-aspirante-a-la-alcaldia-de-cotaxtla","status":"publish","type":"post","link":"https:\/\/reporte272.com\/portal\/levantan-a-vicente-dominguez-aspirante-a-la-alcaldia-de-cotaxtla\/","title":{"rendered":"Levantan a Vicente Dom\u00ednguez, aspirante a la alcald\u00eda de Cotaxtla"},"content":{"rendered":"\n<p class=\"wp-block-paragraph\"><strong>Cotaxtla, Ver. 9\/02\/2025.- <\/strong>Vicente Dom\u00ednguez Aparicio conocido empresario ferretero y aspirante a candidato a la presidencia municipal de Cotaxtla, Veracruz, fue privado de su libertad esta noche de domingo por un comando armado cuando pintaba bardas de su campa\u00f1a proselitista en la Localidad de La Capilla.<\/p>\n\n\n\n<p class=\"wp-block-paragraph\">Una intensa movilizaci\u00f3n de cuerpos policiales de los tres \u00f3rdenes de Gobierno, ha generado el levant\u00f3n del precandidato de la Unidad por el Partido Movimiento de Regeneraci\u00f3n Nacional.<\/p>\n\n\n\n<p class=\"wp-block-paragraph\">Se conoce que, <strong>el precandidato a la alcald\u00eda de Cotaxtla, por el Partido MORENA, Vicente Dom\u00ednguez<\/strong>, est\u00e1 noche pintaba bardas con su equipo proselitista en la Comunidad La Capilla, cuando hombres armados que aparentemente se transportaban a bordo de un veh\u00edculo en color rojo, lo interceptaron, enca\u00f1onaron, lo subieron a la unidad y se lo llevaron en contra de su voluntad con rumbo hacia el municipio de Tierra Blanca.<\/p>\n\n\n\n<p class=\"wp-block-paragraph\">Tras confirmarse el levant\u00f3n, hasta el lugar donde se cometi\u00f3 el evento il\u00edcito llegaron elementos de la Polic\u00eda Municipal, Estatal y de la Guardia Nacional divisi\u00f3n Seguridad Regional, quienes tomaron conocimiento e implementaron un operativo de b\u00fasqueda y localizaci\u00f3n, aunque lamentablemente los resultados han sido negativos.<br>Hasta el momento, ni las autoridades del Gobierno de Veracruz, ni la Fiscalia General del Estado, han emitido alg\u00fan posicionamiento sobre la privaci\u00f3n ilegal de la libertad del conocido empresario de Cotaxtla y candidato a la alcald\u00eda por el partido Morena.<\/p>\n","protected":false},"excerpt":{"rendered":"<p>Cotaxtla, Ver. 9\/02\/2025.- Vicente Dom\u00ednguez Aparicio conocido empresario ferretero y aspirante a candidato a la presidencia municipal de Cotaxtla, Veracruz, fue privado de su libertad esta noche de domingo por un comando armado cuando pintaba bardas de su campa\u00f1a proselitista en la Localidad de La Capilla. Una intensa movilizaci\u00f3n de cuerpos policiales de los tres [&hellip;]<\/p>\n","protected":false},"author":2,"featured_media":3885,"comment_status":"open","ping_status":"open","sticky":false,"template":"","format":"standard","meta":{"rop_custom_images_group":[],"rop_custom_messages_group":[],"rop_publish_now":"initial","rop_publish_now_accounts":{"facebook_2001103103558832_108675811699976":""},"rop_publish_now_history":[],"rop_publish_now_status":"pending","footnotes":""},"categories":[6,9],"tags":[],"class_list":["post-3884","post","type-post","status-publish","format-standard","has-post-thumbnail","hentry","category-estatal","category-policiaca"],"_links":{"self":[{"href":"https:\/\/reporte272.com\/portal\/wp-json\/wp\/v2\/posts\/3884","targetHints":{"allow":["GET"]}}],"collection":[{"href":"https:\/\/reporte272.com\/portal\/wp-json\/wp\/v2\/posts"}],"about":[{"href":"https:\/\/reporte272.com\/portal\/wp-json\/wp\/v2\/types\/post"}],"author":[{"embeddable":true,"href":"https:\/\/reporte272.com\/portal\/wp-json\/wp\/v2\/users\/2"}],"replies":[{"embeddable":true,"href":"https:\/\/reporte272.com\/portal\/wp-json\/wp\/v2\/comments?post=3884"}],"version-history":[{"count":1,"href":"https:\/\/reporte272.com\/portal\/wp-json\/wp\/v2\/posts\/3884\/revisions"}],"predecessor-version":[{"id":3886,"href":"https:\/\/reporte272.com\/portal\/wp-json\/wp\/v2\/posts\/3884\/revisions\/3886"}],"wp:featuredmedia":[{"embeddable":true,"href":"https:\/\/reporte272.com\/portal\/wp-json\/wp\/v2\/media\/3885"}],"wp:attachment":[{"href":"https:\/\/reporte272.com\/portal\/wp-json\/wp\/v2\/media?parent=3884"}],"wp:term":[{"taxonomy":"category","embeddable":true,"href":"https:\/\/reporte272.com\/portal\/wp-json\/wp\/v2\/categories?post=3884"},{"taxonomy":"post_tag","embeddable":true,"href":"https:\/\/reporte272.com\/portal\/wp-json\/wp\/v2\/tags?post=3884"}],"curies":[{"name":"wp","href":"https:\/\/api.w.org\/{rel}","templated":true}]}}