{"id":3887,"date":"2025-02-10T03:45:50","date_gmt":"2025-02-10T03:45:50","guid":{"rendered":"https:\/\/reporte272.com\/portal\/?p=3887"},"modified":"2025-02-10T03:45:51","modified_gmt":"2025-02-10T03:45:51","slug":"identifican-a-mujer-asesin4da-a-balazos-en-nogales-veracruz","status":"publish","type":"post","link":"https:\/\/reporte272.com\/portal\/identifican-a-mujer-asesin4da-a-balazos-en-nogales-veracruz\/","title":{"rendered":"Identifican a mujer asesin4da a balazos en Nogales, Veracruz"},"content":{"rendered":"\n<p class=\"wp-block-paragraph\"><strong>Nogales, Ver. 09\/02\/2025 Ixio Loaiza.- <\/strong>C\u00f3mo Violeta &#8220;N&#8221;, de 25 a\u00f1os, de ocupaci\u00f3n empleada y con domicilio conocido en la Congregaci\u00f3n El Encinar, del municipio de Nogales, fue identificada la joven ases1n4da a balazos a plena luz del d\u00eda el jueves 6 de febrero del presente cuando caminaba en calles de la misma localidad del municipio nogalense.<\/p>\n\n\n\n<p class=\"wp-block-paragraph\">El hermano de la fallecida Jos\u00e9 Enrique &#8220;N&#8221;, pidi\u00f3 la devoluci\u00f3n del cuerpo para su velaci\u00f3n y cristiana sepultura, luego de que realiz\u00f3 la identificaci\u00f3n oficial y entreg\u00f3 la documentaci\u00f3n necesaria ante las autoridades de la Fiscal\u00eda y del Semefo de la Colonia Francisco Ferrer Guardia, de Orizaba.<\/p>\n\n\n\n<p class=\"wp-block-paragraph\">Es de mencionar que, la Comisar\u00eda de Detectives Ministeriales mantienen abierta una carpeta de investigaci\u00f3n por feminicidio con el objeto de esclarecer el crimen y llevar ante la justicia al o los presuntos responsables.<\/p>\n\n\n\n<p class=\"wp-block-paragraph\">Cabe recordar que, el asesinato se registr\u00f3 alrededor de las 17:30 horas cuando la joven caminaba sobre la Calle Roble entre Avenida Nayarit y Fresno de la Colonia Agr\u00edcola L\u00e1zaro C\u00e1rdenas, de la Congregaci\u00f3n El Encinar, cuando le dispararon hasta privarla de la vida.<\/p>\n","protected":false},"excerpt":{"rendered":"<p>Nogales, Ver. 09\/02\/2025 Ixio Loaiza.- C\u00f3mo Violeta &#8220;N&#8221;, de 25 a\u00f1os, de ocupaci\u00f3n empleada y con domicilio conocido en la Congregaci\u00f3n El Encinar, del municipio de Nogales, fue identificada la joven ases1n4da a balazos a plena luz del d\u00eda el jueves 6 de febrero del presente cuando caminaba en calles de la misma localidad del [&hellip;]<\/p>\n","protected":false},"author":2,"featured_media":3888,"comment_status":"open","ping_status":"open","sticky":false,"template":"","format":"standard","meta":{"rop_custom_images_group":[],"rop_custom_messages_group":[],"rop_publish_now":"initial","rop_publish_now_accounts":{"facebook_2001103103558832_108675811699976":""},"rop_publish_now_history":[],"rop_publish_now_status":"pending","footnotes":""},"categories":[9],"tags":[],"class_list":["post-3887","post","type-post","status-publish","format-standard","has-post-thumbnail","hentry","category-policiaca"],"_links":{"self":[{"href":"https:\/\/reporte272.com\/portal\/wp-json\/wp\/v2\/posts\/3887","targetHints":{"allow":["GET"]}}],"collection":[{"href":"https:\/\/reporte272.com\/portal\/wp-json\/wp\/v2\/posts"}],"about":[{"href":"https:\/\/reporte272.com\/portal\/wp-json\/wp\/v2\/types\/post"}],"author":[{"embeddable":true,"href":"https:\/\/reporte272.com\/portal\/wp-json\/wp\/v2\/users\/2"}],"replies":[{"embeddable":true,"href":"https:\/\/reporte272.com\/portal\/wp-json\/wp\/v2\/comments?post=3887"}],"version-history":[{"count":1,"href":"https:\/\/reporte272.com\/portal\/wp-json\/wp\/v2\/posts\/3887\/revisions"}],"predecessor-version":[{"id":3889,"href":"https:\/\/reporte272.com\/portal\/wp-json\/wp\/v2\/posts\/3887\/revisions\/3889"}],"wp:featuredmedia":[{"embeddable":true,"href":"https:\/\/reporte272.com\/portal\/wp-json\/wp\/v2\/media\/3888"}],"wp:attachment":[{"href":"https:\/\/reporte272.com\/portal\/wp-json\/wp\/v2\/media?parent=3887"}],"wp:term":[{"taxonomy":"category","embeddable":true,"href":"https:\/\/reporte272.com\/portal\/wp-json\/wp\/v2\/categories?post=3887"},{"taxonomy":"post_tag","embeddable":true,"href":"https:\/\/reporte272.com\/portal\/wp-json\/wp\/v2\/tags?post=3887"}],"curies":[{"name":"wp","href":"https:\/\/api.w.org\/{rel}","templated":true}]}}