{"id":3921,"date":"2025-02-12T03:39:20","date_gmt":"2025-02-12T03:39:20","guid":{"rendered":"https:\/\/reporte272.com\/portal\/?p=3921"},"modified":"2025-02-12T03:39:21","modified_gmt":"2025-02-12T03:39:21","slug":"posible-arancel-al-aguacate-amenaza-con-desplomar-su-precio-en-mexico","status":"publish","type":"post","link":"https:\/\/reporte272.com\/portal\/posible-arancel-al-aguacate-amenaza-con-desplomar-su-precio-en-mexico\/","title":{"rendered":"Posible arancel al aguacate amenaza con desplomar su precio en M\u00e9xico"},"content":{"rendered":"\n<p class=\"wp-block-paragraph\"><strong>Orizaba, Ver. 11\/02\/2025 Miguel Hern\u00e1ndez.-<\/strong> La posible imposici\u00f3n de un arancel del 25% a la exportaci\u00f3n de aguacate mexicano hacia Estados Unidos podr\u00eda desencadenar una fuerte ca\u00edda en los precios de este fruto dentro del mercado nacional, advirti\u00f3 Carlos Nolasco G\u00f3mez, vocal del Consejo Estatal de Productores de Aguacate en Veracruz.<\/p>\n\n\n\n<p class=\"wp-block-paragraph\">Actualmente, el precio del aguacate en huerta se encuentra entre los 35 y 45 pesos por kilo, seg\u00fan el Sistema Productivo de Aguacate, mientras que en la Central de Abasto su costo var\u00eda entre 45 y 60 pesos, dependiendo del calibre y la calidad. Sin embargo, el nuevo gravamen podr\u00eda generar un excedente de producto en M\u00e9xico, lo que llevar\u00eda a una reducci\u00f3n de hasta el 20% en su valor.<\/p>\n\n\n\n<p class=\"wp-block-paragraph\">&#8220;Nos preocupa que esta medida llegue justo en la temporada de cierre de corte, cuando el aguacate suele alcanzar sus precios m\u00e1s altos, de hasta 80 pesos por kilo. Con esta noticia, existe un riesgo real de que su valor se desplome&#8221;, alertaron productores.<\/p>\n\n\n\n<p class=\"wp-block-paragraph\">M\u00e9xico exporta entre 200 y 250 mil toneladas de aguacate a Estados Unidos en esta \u00e9poca del a\u00f1o. De aplicarse el arancel, el precio del producto aumentar\u00eda en el mercado estadounidense, afectando la demanda y obligando a los productores a buscar nuevas opciones para colocar su mercanc\u00eda.<\/p>\n\n\n\n<p class=\"wp-block-paragraph\">El sector aguacatero se mantiene en negociaciones para evaluar el impacto de esta medida y explorar alternativas que eviten afectaciones econ\u00f3micas severas.<\/p>\n","protected":false},"excerpt":{"rendered":"<p>Orizaba, Ver. 11\/02\/2025 Miguel Hern\u00e1ndez.- La posible imposici\u00f3n de un arancel del 25% a la exportaci\u00f3n de aguacate mexicano hacia Estados Unidos podr\u00eda desencadenar una fuerte ca\u00edda en los precios de este fruto dentro del mercado nacional, advirti\u00f3 Carlos Nolasco G\u00f3mez, vocal del Consejo Estatal de Productores de Aguacate en Veracruz. Actualmente, el precio del [&hellip;]<\/p>\n","protected":false},"author":2,"featured_media":3922,"comment_status":"open","ping_status":"open","sticky":false,"template":"","format":"standard","meta":{"rop_custom_images_group":[],"rop_custom_messages_group":[],"rop_publish_now":"initial","rop_publish_now_accounts":{"facebook_2001103103558832_108675811699976":""},"rop_publish_now_history":[],"rop_publish_now_status":"pending","footnotes":""},"categories":[5,10],"tags":[],"class_list":["post-3921","post","type-post","status-publish","format-standard","has-post-thumbnail","hentry","category-local","category-portada"],"_links":{"self":[{"href":"https:\/\/reporte272.com\/portal\/wp-json\/wp\/v2\/posts\/3921","targetHints":{"allow":["GET"]}}],"collection":[{"href":"https:\/\/reporte272.com\/portal\/wp-json\/wp\/v2\/posts"}],"about":[{"href":"https:\/\/reporte272.com\/portal\/wp-json\/wp\/v2\/types\/post"}],"author":[{"embeddable":true,"href":"https:\/\/reporte272.com\/portal\/wp-json\/wp\/v2\/users\/2"}],"replies":[{"embeddable":true,"href":"https:\/\/reporte272.com\/portal\/wp-json\/wp\/v2\/comments?post=3921"}],"version-history":[{"count":1,"href":"https:\/\/reporte272.com\/portal\/wp-json\/wp\/v2\/posts\/3921\/revisions"}],"predecessor-version":[{"id":3923,"href":"https:\/\/reporte272.com\/portal\/wp-json\/wp\/v2\/posts\/3921\/revisions\/3923"}],"wp:featuredmedia":[{"embeddable":true,"href":"https:\/\/reporte272.com\/portal\/wp-json\/wp\/v2\/media\/3922"}],"wp:attachment":[{"href":"https:\/\/reporte272.com\/portal\/wp-json\/wp\/v2\/media?parent=3921"}],"wp:term":[{"taxonomy":"category","embeddable":true,"href":"https:\/\/reporte272.com\/portal\/wp-json\/wp\/v2\/categories?post=3921"},{"taxonomy":"post_tag","embeddable":true,"href":"https:\/\/reporte272.com\/portal\/wp-json\/wp\/v2\/tags?post=3921"}],"curies":[{"name":"wp","href":"https:\/\/api.w.org\/{rel}","templated":true}]}}