{"id":3928,"date":"2025-02-13T04:36:47","date_gmt":"2025-02-13T04:36:47","guid":{"rendered":"https:\/\/reporte272.com\/portal\/?p=3928"},"modified":"2025-02-13T04:36:47","modified_gmt":"2025-02-13T04:36:47","slug":"floristas-y-arreglistas-esperan-repunte-de-ventas-por-el-dia-del-amor-y-la-amistad","status":"publish","type":"post","link":"https:\/\/reporte272.com\/portal\/floristas-y-arreglistas-esperan-repunte-de-ventas-por-el-dia-del-amor-y-la-amistad\/","title":{"rendered":"Floristas y arreglistas esperan repunte de ventas por el D\u00eda del Amor y la amistad"},"content":{"rendered":"\n<p class=\"wp-block-paragraph\"><strong>**Abren desde las 6:00 de la ma\u00f1ana y cerrar\u00e1n a las 23:00 horas<br>Orizaba, Ver. 12\/02\/2025 Alfonso Yonca Gonz\u00e1lez. &#8211;<\/strong> Comerciantes del Mercado Venustiano Carranza, mejor conocido como &#8220;Mercado de Flores&#8221;, esperan un repunte mayor en sus ventas este 14 de febrero D\u00eda del Amor y la Amistad.<\/p>\n\n\n\n<p class=\"wp-block-paragraph\">Los arreglistas conf\u00edan que sus ventas se incrementen este jueves 13 y viernes 14 de febrero tal y como a sucedido en los \u00faltimos dos a\u00f1os con las benditas redes sociales como Tik tok y Facebook.<\/p>\n\n\n\n<p class=\"wp-block-paragraph\">\u201cEstaremos ofreciendo los arreglos tradicionales, y no pueden faltar los ramos buchones estos \u00faltimos los m\u00e1s vendidos en los \u00faltimos meses gracias a la din\u00e1mica de quienes caracterizan a las entregan de El Patr\u00f3n sobre todo al alcance de los bolsillos de los enamorados\u201d.<\/p>\n\n\n\n<p class=\"wp-block-paragraph\">En este contexto los comerciantes dieron a conocer que no solo los floristas se han preparado para que a partir de este jueves expendan sus flores sino tambi\u00e9n los locatarios dedicados a la venta de antojitos que se encuentran tambi\u00e9n en el zoco uno de los m\u00e1s grandes de la zona y que tambi\u00e9n surte a vendedores de la regi\u00f3n inclusive del sureste.<\/p>\n\n\n\n<p class=\"wp-block-paragraph\">Por lo anterior las comerciantes Jazm\u00edn Cabrera S\u00e1nchez y Alejandra kanzela acompa\u00f1adas por la administradora, Laura S\u00e1nchez Hern\u00e1ndez, hicieron extensiva la invitaci\u00f3n a los ciudadanos a adquirir sus arreglos de flores completamente frescas.<\/p>\n\n\n\n<p class=\"wp-block-paragraph\">&#8220;Estamos invitando a que vengan a nuestro mercado en cada compra que realicen se les har\u00e1 entrega de un boleto para que entren en la rifa de alrededor de 50 regalos que se har\u00e1 efectiva el 14 de febrero al mediod\u00eda&#8221;.<\/p>\n","protected":false},"excerpt":{"rendered":"<p>**Abren desde las 6:00 de la ma\u00f1ana y cerrar\u00e1n a las 23:00 horasOrizaba, Ver. 12\/02\/2025 Alfonso Yonca Gonz\u00e1lez. &#8211; Comerciantes del Mercado Venustiano Carranza, mejor conocido como &#8220;Mercado de Flores&#8221;, esperan un repunte mayor en sus ventas este 14 de febrero D\u00eda del Amor y la Amistad. Los arreglistas conf\u00edan que sus ventas se incrementen [&hellip;]<\/p>\n","protected":false},"author":2,"featured_media":3929,"comment_status":"open","ping_status":"open","sticky":false,"template":"","format":"standard","meta":{"rop_custom_images_group":[],"rop_custom_messages_group":[],"rop_publish_now":"initial","rop_publish_now_accounts":{"facebook_2001103103558832_108675811699976":""},"rop_publish_now_history":[],"rop_publish_now_status":"pending","footnotes":""},"categories":[5,10],"tags":[],"class_list":["post-3928","post","type-post","status-publish","format-standard","has-post-thumbnail","hentry","category-local","category-portada"],"_links":{"self":[{"href":"https:\/\/reporte272.com\/portal\/wp-json\/wp\/v2\/posts\/3928","targetHints":{"allow":["GET"]}}],"collection":[{"href":"https:\/\/reporte272.com\/portal\/wp-json\/wp\/v2\/posts"}],"about":[{"href":"https:\/\/reporte272.com\/portal\/wp-json\/wp\/v2\/types\/post"}],"author":[{"embeddable":true,"href":"https:\/\/reporte272.com\/portal\/wp-json\/wp\/v2\/users\/2"}],"replies":[{"embeddable":true,"href":"https:\/\/reporte272.com\/portal\/wp-json\/wp\/v2\/comments?post=3928"}],"version-history":[{"count":1,"href":"https:\/\/reporte272.com\/portal\/wp-json\/wp\/v2\/posts\/3928\/revisions"}],"predecessor-version":[{"id":3930,"href":"https:\/\/reporte272.com\/portal\/wp-json\/wp\/v2\/posts\/3928\/revisions\/3930"}],"wp:featuredmedia":[{"embeddable":true,"href":"https:\/\/reporte272.com\/portal\/wp-json\/wp\/v2\/media\/3929"}],"wp:attachment":[{"href":"https:\/\/reporte272.com\/portal\/wp-json\/wp\/v2\/media?parent=3928"}],"wp:term":[{"taxonomy":"category","embeddable":true,"href":"https:\/\/reporte272.com\/portal\/wp-json\/wp\/v2\/categories?post=3928"},{"taxonomy":"post_tag","embeddable":true,"href":"https:\/\/reporte272.com\/portal\/wp-json\/wp\/v2\/tags?post=3928"}],"curies":[{"name":"wp","href":"https:\/\/api.w.org\/{rel}","templated":true}]}}