{"id":3935,"date":"2025-02-13T05:00:41","date_gmt":"2025-02-13T05:00:41","guid":{"rendered":"https:\/\/reporte272.com\/portal\/?p=3935"},"modified":"2025-02-13T05:00:42","modified_gmt":"2025-02-13T05:00:42","slug":"en-ciudad-mendoza-rechazan-medidores-de-agua-por-fallas-en-el-servicio","status":"publish","type":"post","link":"https:\/\/reporte272.com\/portal\/en-ciudad-mendoza-rechazan-medidores-de-agua-por-fallas-en-el-servicio\/","title":{"rendered":"En Ciudad Mendoza rechazan medidores de agua por fallas en el servicio"},"content":{"rendered":"\n<p class=\"wp-block-paragraph\"><strong>Ciudad Mendoza, Ver. 12\/02\/2025 Miguel Hern\u00e1ndez\u2014<\/strong> Habitantes de la Calle Miguel de Cervantes Saavedra, en la colonia Centro, expresaron su inconformidad ante la instalaci\u00f3n de medidores de agua por parte de la Comisi\u00f3n de Agua del Estado de Veracruz (CAEV).<\/p>\n\n\n\n<p class=\"wp-block-paragraph\">Los vecinos manifestaron su rechazo mediante calcoman\u00edas en sus viviendas, se\u00f1alando que la medida es injusta debido a las constantes deficiencias en el suministro de agua. Desde la puesta en marcha del proyecto &#8220;Las Tres Villas&#8221;, el servicio ha sido irregular, afectando tambi\u00e9n a municipios cercanos como Nogales y R\u00edo Blanco.<\/p>\n\n\n\n<p class=\"wp-block-paragraph\">Lejos de mejorar, la distribuci\u00f3n del agua ha empeorado, dejando sin el recurso a diversas colonias. Ante esta situaci\u00f3n, los habitantes exigen que la CAEV primero garantice un abasto eficiente antes de implementar cobros basados en el consumo.<\/p>\n\n\n\n<p class=\"wp-block-paragraph\">&#8220;Es inaceptable que nos quieran cobrar por un servicio que no recibimos de manera continua&#8221;, expresaron algunos ciudadanos, quienes denunciaron que los problemas persisten desde hace m\u00e1s de dos a\u00f1os.<\/p>\n\n\n\n<p class=\"wp-block-paragraph\">Los vecinos esperan una respuesta de las autoridades, pues hasta ahora no se han presentado soluciones concretas para la crisis del agua, que se agrava ante la cercan\u00eda de la temporada de altas temperaturas.<\/p>\n","protected":false},"excerpt":{"rendered":"<p>Ciudad Mendoza, Ver. 12\/02\/2025 Miguel Hern\u00e1ndez\u2014 Habitantes de la Calle Miguel de Cervantes Saavedra, en la colonia Centro, expresaron su inconformidad ante la instalaci\u00f3n de medidores de agua por parte de la Comisi\u00f3n de Agua del Estado de Veracruz (CAEV). Los vecinos manifestaron su rechazo mediante calcoman\u00edas en sus viviendas, se\u00f1alando que la medida es [&hellip;]<\/p>\n","protected":false},"author":2,"featured_media":3936,"comment_status":"open","ping_status":"open","sticky":false,"template":"","format":"standard","meta":{"rop_custom_images_group":[],"rop_custom_messages_group":[],"rop_publish_now":"initial","rop_publish_now_accounts":{"facebook_2001103103558832_108675811699976":""},"rop_publish_now_history":[],"rop_publish_now_status":"pending","footnotes":""},"categories":[5,10],"tags":[],"class_list":["post-3935","post","type-post","status-publish","format-standard","has-post-thumbnail","hentry","category-local","category-portada"],"_links":{"self":[{"href":"https:\/\/reporte272.com\/portal\/wp-json\/wp\/v2\/posts\/3935","targetHints":{"allow":["GET"]}}],"collection":[{"href":"https:\/\/reporte272.com\/portal\/wp-json\/wp\/v2\/posts"}],"about":[{"href":"https:\/\/reporte272.com\/portal\/wp-json\/wp\/v2\/types\/post"}],"author":[{"embeddable":true,"href":"https:\/\/reporte272.com\/portal\/wp-json\/wp\/v2\/users\/2"}],"replies":[{"embeddable":true,"href":"https:\/\/reporte272.com\/portal\/wp-json\/wp\/v2\/comments?post=3935"}],"version-history":[{"count":1,"href":"https:\/\/reporte272.com\/portal\/wp-json\/wp\/v2\/posts\/3935\/revisions"}],"predecessor-version":[{"id":3937,"href":"https:\/\/reporte272.com\/portal\/wp-json\/wp\/v2\/posts\/3935\/revisions\/3937"}],"wp:featuredmedia":[{"embeddable":true,"href":"https:\/\/reporte272.com\/portal\/wp-json\/wp\/v2\/media\/3936"}],"wp:attachment":[{"href":"https:\/\/reporte272.com\/portal\/wp-json\/wp\/v2\/media?parent=3935"}],"wp:term":[{"taxonomy":"category","embeddable":true,"href":"https:\/\/reporte272.com\/portal\/wp-json\/wp\/v2\/categories?post=3935"},{"taxonomy":"post_tag","embeddable":true,"href":"https:\/\/reporte272.com\/portal\/wp-json\/wp\/v2\/tags?post=3935"}],"curies":[{"name":"wp","href":"https:\/\/api.w.org\/{rel}","templated":true}]}}