{"id":3941,"date":"2025-02-13T05:52:26","date_gmt":"2025-02-13T05:52:26","guid":{"rendered":"https:\/\/reporte272.com\/portal\/?p=3941"},"modified":"2025-02-13T05:52:27","modified_gmt":"2025-02-13T05:52:27","slug":"se-refugian-en-la-comandancia-municipal","status":"publish","type":"post","link":"https:\/\/reporte272.com\/portal\/se-refugian-en-la-comandancia-municipal\/","title":{"rendered":"Se refugian en la comandancia municipal"},"content":{"rendered":"\n<p class=\"wp-block-paragraph\">**Los persegu\u00edan a b4lazos fueron auxiliados por elementos de la MARINA y SSP<\/p>\n\n\n\n<p class=\"wp-block-paragraph\"><strong>Amatl\u00e1n de los Reyes 12\/02\/2025.-<\/strong> Momentos de p\u00e1nico y angustia vivieron cuatro integrantes de una familia al ser perseguidos por moto s1carios, se dirig\u00edan a su domicilio, minutos antes salieron libre dos de los agraviados del penal de La Toma, estuvieron encarcelados cuatro a\u00f1os.<\/p>\n\n\n\n<p class=\"wp-block-paragraph\">De acuerdo a la versi\u00f3n de las personas antes del 4taque 4rmado fueron a recoger a dos de sus familiares que lograron su libertad por falta de pruebas, estuvieron acusados de s3cuestro y permanecieron recluidos en el penal de mediana seguridad La Toma por cuatro a\u00f1os.<\/p>\n\n\n\n<p class=\"wp-block-paragraph\">Los cuatro abordaron un coche tipo Jetta de color negro y placas del estado de Veracruz, se dirig\u00edan a la comunidad de La Patrona del mismo municipio de Amatl\u00e1n.<\/p>\n\n\n\n<p class=\"wp-block-paragraph\">Durante el trayecto fueron interceptados por moto s1carios que le disparon al autom\u00f3vil, el conductor de la unidad para ponerse a salv\u00f3 se dirigi\u00f3 a la presidencia municipal para pedir ayuda a los polic\u00edas municipales.<\/p>\n\n\n\n<p class=\"wp-block-paragraph\">En cuesti\u00f3n de minutos arribaron elementos de la MARINA as\u00ed como de la Secretar\u00eda de Seguridad P\u00fablica, se encargaron de resguardar a la familia.<\/p>\n","protected":false},"excerpt":{"rendered":"<p>**Los persegu\u00edan a b4lazos fueron auxiliados por elementos de la MARINA y SSP Amatl\u00e1n de los Reyes 12\/02\/2025.- Momentos de p\u00e1nico y angustia vivieron cuatro integrantes de una familia al ser perseguidos por moto s1carios, se dirig\u00edan a su domicilio, minutos antes salieron libre dos de los agraviados del penal de La Toma, estuvieron encarcelados [&hellip;]<\/p>\n","protected":false},"author":2,"featured_media":3942,"comment_status":"open","ping_status":"open","sticky":false,"template":"","format":"standard","meta":{"rop_custom_images_group":[],"rop_custom_messages_group":[],"rop_publish_now":"initial","rop_publish_now_accounts":{"facebook_2001103103558832_108675811699976":""},"rop_publish_now_history":[],"rop_publish_now_status":"pending","footnotes":""},"categories":[9],"tags":[],"class_list":["post-3941","post","type-post","status-publish","format-standard","has-post-thumbnail","hentry","category-policiaca"],"_links":{"self":[{"href":"https:\/\/reporte272.com\/portal\/wp-json\/wp\/v2\/posts\/3941","targetHints":{"allow":["GET"]}}],"collection":[{"href":"https:\/\/reporte272.com\/portal\/wp-json\/wp\/v2\/posts"}],"about":[{"href":"https:\/\/reporte272.com\/portal\/wp-json\/wp\/v2\/types\/post"}],"author":[{"embeddable":true,"href":"https:\/\/reporte272.com\/portal\/wp-json\/wp\/v2\/users\/2"}],"replies":[{"embeddable":true,"href":"https:\/\/reporte272.com\/portal\/wp-json\/wp\/v2\/comments?post=3941"}],"version-history":[{"count":1,"href":"https:\/\/reporte272.com\/portal\/wp-json\/wp\/v2\/posts\/3941\/revisions"}],"predecessor-version":[{"id":3943,"href":"https:\/\/reporte272.com\/portal\/wp-json\/wp\/v2\/posts\/3941\/revisions\/3943"}],"wp:featuredmedia":[{"embeddable":true,"href":"https:\/\/reporte272.com\/portal\/wp-json\/wp\/v2\/media\/3942"}],"wp:attachment":[{"href":"https:\/\/reporte272.com\/portal\/wp-json\/wp\/v2\/media?parent=3941"}],"wp:term":[{"taxonomy":"category","embeddable":true,"href":"https:\/\/reporte272.com\/portal\/wp-json\/wp\/v2\/categories?post=3941"},{"taxonomy":"post_tag","embeddable":true,"href":"https:\/\/reporte272.com\/portal\/wp-json\/wp\/v2\/tags?post=3941"}],"curies":[{"name":"wp","href":"https:\/\/api.w.org\/{rel}","templated":true}]}}