{"id":3951,"date":"2025-02-14T00:14:50","date_gmt":"2025-02-14T00:14:50","guid":{"rendered":"https:\/\/reporte272.com\/portal\/?p=3951"},"modified":"2025-02-14T00:14:51","modified_gmt":"2025-02-14T00:14:51","slug":"llegara-fuerte-inversion-a-ixtaczoquitlan","status":"publish","type":"post","link":"https:\/\/reporte272.com\/portal\/llegara-fuerte-inversion-a-ixtaczoquitlan\/","title":{"rendered":"Llegar\u00e1 fuerte inversi\u00f3n a Ixtaczoquitl\u00e1n"},"content":{"rendered":"\n<p class=\"wp-block-paragraph\">**Con la apertura de una segunda Farmacia Guadalajara en la zona de Potrerillos<br><strong>Ixtaczoquitl\u00e1n, Ver. 13 de febrero de 2025.- <\/strong>La cadena de Farmacias Guadalajara tiene programado la apertura de un nuevo punto de venta en la que destinar\u00e1 una fuerte inversi\u00f3n con la que se generar\u00e1 una importante derrama econ\u00f3mica y la creaci\u00f3n de empleos directos e indirectos.<\/p>\n\n\n\n<p class=\"wp-block-paragraph\">Con la apertura de est\u00e1 nueva sucursal en el municipio de Ixtaczoquitl\u00e1n estar\u00edan ofreci\u00e9ndole a la comunidad zoquiteca un punto m\u00e1s cercano con el concepto que combina la farmacia con autoservicio y la tienda de conveniencia, expres\u00f3 el representante legal Guadalupe G\u00f3mez Mac\u00edas.<\/p>\n\n\n\n<p class=\"wp-block-paragraph\">Desde la llegada de la primera farmacia Guadalajara al sureste del pa\u00eds, est\u00e1s se han ido consolidando como un concepto \u00fanico, ya que al entrar a cada una de estas se respira un ambiente particular; desde el olor de sus panificadoras hasta los centros de fotograf\u00eda.<\/p>\n\n\n\n<p class=\"wp-block-paragraph\">En este contexto dijo que gracias a las facilidades y condiciones que genera el municipio de Ixtaczoquitl\u00e1n y el de Orizaba para que se d\u00e9 la inversi\u00f3n en los pr\u00f3ximos meses estar\u00e1n abriendo tambi\u00e9n una nueva sucursal en la ciudad de las Aguas Alegres.<\/p>\n\n\n\n<p class=\"wp-block-paragraph\">G\u00f3mez Mac\u00edas reiter\u00f3 que de la mano de la inversi\u00f3n que realiza la cadena farmac\u00e9utica consigo est\u00e1 la generaci\u00f3n de empleos para la construcci\u00f3n de estas en las que se generan mas menos 25 empleos directos y m\u00e1s de 100 indirectos.<\/p>\n\n\n\n<p class=\"wp-block-paragraph\">Lo anterior se deriva dijo de las pl\u00e1ticas que sostuvieron con el Gobierno de Veracruz para que durante 2025, el corporativo inyecte inversiones que se vean reflejadas en m\u00e1s empleos para los veracruzanos.<\/p>\n","protected":false},"excerpt":{"rendered":"<p>**Con la apertura de una segunda Farmacia Guadalajara en la zona de PotrerillosIxtaczoquitl\u00e1n, Ver. 13 de febrero de 2025.- La cadena de Farmacias Guadalajara tiene programado la apertura de un nuevo punto de venta en la que destinar\u00e1 una fuerte inversi\u00f3n con la que se generar\u00e1 una importante derrama econ\u00f3mica y la creaci\u00f3n de empleos [&hellip;]<\/p>\n","protected":false},"author":2,"featured_media":3952,"comment_status":"open","ping_status":"open","sticky":false,"template":"","format":"standard","meta":{"rop_custom_images_group":[],"rop_custom_messages_group":[],"rop_publish_now":"initial","rop_publish_now_accounts":{"facebook_2001103103558832_108675811699976":""},"rop_publish_now_history":[],"rop_publish_now_status":"pending","footnotes":""},"categories":[5],"tags":[],"class_list":["post-3951","post","type-post","status-publish","format-standard","has-post-thumbnail","hentry","category-local"],"_links":{"self":[{"href":"https:\/\/reporte272.com\/portal\/wp-json\/wp\/v2\/posts\/3951","targetHints":{"allow":["GET"]}}],"collection":[{"href":"https:\/\/reporte272.com\/portal\/wp-json\/wp\/v2\/posts"}],"about":[{"href":"https:\/\/reporte272.com\/portal\/wp-json\/wp\/v2\/types\/post"}],"author":[{"embeddable":true,"href":"https:\/\/reporte272.com\/portal\/wp-json\/wp\/v2\/users\/2"}],"replies":[{"embeddable":true,"href":"https:\/\/reporte272.com\/portal\/wp-json\/wp\/v2\/comments?post=3951"}],"version-history":[{"count":1,"href":"https:\/\/reporte272.com\/portal\/wp-json\/wp\/v2\/posts\/3951\/revisions"}],"predecessor-version":[{"id":3953,"href":"https:\/\/reporte272.com\/portal\/wp-json\/wp\/v2\/posts\/3951\/revisions\/3953"}],"wp:featuredmedia":[{"embeddable":true,"href":"https:\/\/reporte272.com\/portal\/wp-json\/wp\/v2\/media\/3952"}],"wp:attachment":[{"href":"https:\/\/reporte272.com\/portal\/wp-json\/wp\/v2\/media?parent=3951"}],"wp:term":[{"taxonomy":"category","embeddable":true,"href":"https:\/\/reporte272.com\/portal\/wp-json\/wp\/v2\/categories?post=3951"},{"taxonomy":"post_tag","embeddable":true,"href":"https:\/\/reporte272.com\/portal\/wp-json\/wp\/v2\/tags?post=3951"}],"curies":[{"name":"wp","href":"https:\/\/api.w.org\/{rel}","templated":true}]}}