{"id":3963,"date":"2025-02-14T04:06:01","date_gmt":"2025-02-14T04:06:01","guid":{"rendered":"https:\/\/reporte272.com\/portal\/?p=3963"},"modified":"2025-02-14T04:06:02","modified_gmt":"2025-02-14T04:06:02","slug":"a-partir-de-marzo-inicia-veda-electoral-en-la-region-09-de-las-altas-montanas","status":"publish","type":"post","link":"https:\/\/reporte272.com\/portal\/a-partir-de-marzo-inicia-veda-electoral-en-la-region-09-de-las-altas-montanas\/","title":{"rendered":"A partir de marzo, inicia veda electoral en la regi\u00f3n 09 de las Altas Monta\u00f1as"},"content":{"rendered":"\n<p class=\"wp-block-paragraph\">**Adelantar\u00e1n pagos<\/p>\n\n\n\n<p class=\"wp-block-paragraph\"><strong>R\u00edo Blanco, Ver. 13\/02\/2025 Miguel Hern\u00e1ndez.\u2013<\/strong> Con el inicio del proceso electoral, la regi\u00f3n 09 de las Altas Monta\u00f1as entrar\u00e1 en veda electoral a partir de marzo, lo que implica la suspensi\u00f3n de la difusi\u00f3n y entrega de programas sociales gubernamentales, inform\u00f3 Yesenia Mu\u00f1oz P\u00e1ez, directora regional de Programas para el Desarrollo.<\/p>\n\n\n\n<p class=\"wp-block-paragraph\">La funcionaria explic\u00f3 que la regi\u00f3n abarca diez municipios y cuenta con m\u00e1s de 50 mil beneficiarios de distintos apoyos sociales. Debido a la veda, la entrega de estos recursos se adelantar\u00e1, cubriendo los bimestres marzo-abril y mayo-junio.<\/p>\n\n\n\n<p class=\"wp-block-paragraph\">\u201cLa distribuci\u00f3n de los apoyos se realizar\u00e1 de manera anticipada, como ocurre en cada proceso electoral, para garantizar que los beneficiarios reciban lo que les corresponde sin interferencias en la contienda\u201d, detall\u00f3 Mu\u00f1oz P\u00e1ez.<\/p>\n\n\n\n<p class=\"wp-block-paragraph\">Asimismo, adelant\u00f3 que el pr\u00f3ximo lunes 17 de febrero se abrir\u00e1 nuevamente el padr\u00f3n de beneficiarios, permitiendo la incorporaci\u00f3n de adultos mayores que hayan cumplido 65 a\u00f1os y deseen acceder a los programas sociales.<\/p>\n\n\n\n<p class=\"wp-block-paragraph\">Los municipios que conforman la regi\u00f3n 09 son Alpatl\u00e1huac, Calcahualco, Coscomatepec, Mariano Escobedo, La Perla, Atzacan, Ixhuatlancillo, R\u00edo Blanco, Orizaba e Ixtaczoquitl\u00e1n.<\/p>\n\n\n\n<p class=\"wp-block-paragraph\">La veda electoral es una medida establecida para garantizar la equidad en el proceso electoral, evitando el uso de programas gubernamentales con fines pol\u00edticos.<\/p>\n","protected":false},"excerpt":{"rendered":"<p>**Adelantar\u00e1n pagos R\u00edo Blanco, Ver. 13\/02\/2025 Miguel Hern\u00e1ndez.\u2013 Con el inicio del proceso electoral, la regi\u00f3n 09 de las Altas Monta\u00f1as entrar\u00e1 en veda electoral a partir de marzo, lo que implica la suspensi\u00f3n de la difusi\u00f3n y entrega de programas sociales gubernamentales, inform\u00f3 Yesenia Mu\u00f1oz P\u00e1ez, directora regional de Programas para el Desarrollo. La [&hellip;]<\/p>\n","protected":false},"author":2,"featured_media":3964,"comment_status":"open","ping_status":"open","sticky":false,"template":"","format":"standard","meta":{"rop_custom_images_group":[],"rop_custom_messages_group":[],"rop_publish_now":"initial","rop_publish_now_accounts":{"facebook_2001103103558832_108675811699976":""},"rop_publish_now_history":[],"rop_publish_now_status":"pending","footnotes":""},"categories":[5,10],"tags":[],"class_list":["post-3963","post","type-post","status-publish","format-standard","has-post-thumbnail","hentry","category-local","category-portada"],"_links":{"self":[{"href":"https:\/\/reporte272.com\/portal\/wp-json\/wp\/v2\/posts\/3963","targetHints":{"allow":["GET"]}}],"collection":[{"href":"https:\/\/reporte272.com\/portal\/wp-json\/wp\/v2\/posts"}],"about":[{"href":"https:\/\/reporte272.com\/portal\/wp-json\/wp\/v2\/types\/post"}],"author":[{"embeddable":true,"href":"https:\/\/reporte272.com\/portal\/wp-json\/wp\/v2\/users\/2"}],"replies":[{"embeddable":true,"href":"https:\/\/reporte272.com\/portal\/wp-json\/wp\/v2\/comments?post=3963"}],"version-history":[{"count":1,"href":"https:\/\/reporte272.com\/portal\/wp-json\/wp\/v2\/posts\/3963\/revisions"}],"predecessor-version":[{"id":3965,"href":"https:\/\/reporte272.com\/portal\/wp-json\/wp\/v2\/posts\/3963\/revisions\/3965"}],"wp:featuredmedia":[{"embeddable":true,"href":"https:\/\/reporte272.com\/portal\/wp-json\/wp\/v2\/media\/3964"}],"wp:attachment":[{"href":"https:\/\/reporte272.com\/portal\/wp-json\/wp\/v2\/media?parent=3963"}],"wp:term":[{"taxonomy":"category","embeddable":true,"href":"https:\/\/reporte272.com\/portal\/wp-json\/wp\/v2\/categories?post=3963"},{"taxonomy":"post_tag","embeddable":true,"href":"https:\/\/reporte272.com\/portal\/wp-json\/wp\/v2\/tags?post=3963"}],"curies":[{"name":"wp","href":"https:\/\/api.w.org\/{rel}","templated":true}]}}