{"id":3976,"date":"2025-02-17T02:02:23","date_gmt":"2025-02-17T02:02:23","guid":{"rendered":"https:\/\/reporte272.com\/portal\/?p=3976"},"modified":"2025-02-17T04:52:10","modified_gmt":"2025-02-17T04:52:10","slug":"lanza-la-campana-el-pvem-afiliate-al-verde-para-sumar-militantes","status":"publish","type":"post","link":"https:\/\/reporte272.com\/portal\/lanza-la-campana-el-pvem-afiliate-al-verde-para-sumar-militantes\/","title":{"rendered":"Lanza campa\u00f1a el PVEM \u201cAf\u00edliate al Verde\u201d para sumar militantes"},"content":{"rendered":"\n<p class=\"wp-block-paragraph\">*Se fortalece este instituto pol\u00edtico al encabezar la alianza con Morena<\/p>\n\n\n\n<p class=\"wp-block-paragraph\"><strong>Orizaba, Ver. 15\/02\/2025.- <\/strong>La dirigencia municipal del Partido Verde Ecologista en Orizaba inici\u00f3 este s\u00e1bado 15 de febrero, la campa\u00f1a Af\u00edliate al Verde que tiene como meta adherir a unos mil 500 ciudadanos.<\/p>\n\n\n\n<p class=\"wp-block-paragraph\">Efr\u00e9n Cuevas Cant\u00fa, l\u00edder del Partido Verde en Orizaba revel\u00f3 que antes de iniciar este proyecto, ya han sumado 500 militantes y se tiene la plena confianza en que se logre el prop\u00f3sito y hasta se supere.<\/p>\n\n\n\n<p class=\"wp-block-paragraph\">&#8220;Tenemos un poco tiempo de tomar las tiendas del Partido Verde y se est\u00e1 nuevamente integrando en Orizaba, sin embargo, estamos muy contentos porque el d\u00eda de hoy, iniciamos con nuestra campa\u00f1a de af\u00edliate y antes de iniciar, ya tenemos 500 militantes, eso nos pone muy contentos, porque realmente estamos viendo la situaci\u00f3n y la voluntad del pueblo, que quiere participar activamente en lo que es la pol\u00edtica y sobre todo un proyecto nuevo, fresco y con propuestas que pueden llegar a lugares muy interesantes, desarrollarse y tomarse en cuenta&#8221;.<\/p>\n\n\n\n<p class=\"wp-block-paragraph\">Se\u00f1al\u00f3 que el Partido Verde tiene las puertas abiertas para todos, &#8220;afortunadamente, estos 500 llegaron solos, no los buscamos y eso es magn\u00edfico para nosotros. Hoy con el nuevo coordinador que tenemos en la parte de esta actividad pol\u00edtica, pues vamos a trabajar muy fuerte, \u00e9l va a ser el encargado de llevar precisamente el activismo pol\u00edtico y las afiliaciones&#8221;.<\/p>\n\n\n\n<p class=\"wp-block-paragraph\">Efr\u00e9n Cuevas Cant\u00fa manifest\u00f3 que se busca llegar a un n\u00famero muy significativo e Importante y consider\u00f3 que los dem\u00e1s partidos tendr\u00edan que pensar lo que deben de hacer para tener esta respuesta, &#8220;porque creo que, hoy el ciudadano est\u00e1 buscando nuevas posibilidades, tambi\u00e9n para ellos como ciudadanos para ser escuchados y para participar&#8221;.<\/p>\n\n\n\n<p class=\"wp-block-paragraph\">Dio a conocer que el primer objetivo que tiene el Partido Verde es llegar a los mil 500 militares, &#8220;yo espero que supere esto porque si todav\u00eda no iniciamos y ya tenemos un 33 por ciento de lo logrado, yo creo que esto se va a quedar corto, somos un partido que se est\u00e1 restaurando&#8221;.<\/p>\n\n\n\n<p class=\"wp-block-paragraph\">Enfatiz\u00f3 que el Partido Verde tiene la credibilidad y eso es magn\u00edfico por lo que los mil 500 es el primer tope que sin duda ir\u00e1 creciendo.<\/p>\n\n\n\n<p class=\"wp-block-paragraph\">Finaliz\u00f3 al exponer que el Partido Verde se fortalece definitivamente en Orizaba al encabezar la alianza con Morena, &#8220;este es un fen\u00f3meno positivo porque la gente lo est\u00e1 aceptando muy bien, la gente lo est\u00e1 viendo como una propuesta aut\u00e9ntica, y con una posibilidad precisamente de qu\u00e9 nuevos actores tengan la entrada al camino pol\u00edtico&#8221;.<\/p>\n","protected":false},"excerpt":{"rendered":"<p>*Se fortalece este instituto pol\u00edtico al encabezar la alianza con Morena Orizaba, Ver. 15\/02\/2025.- La dirigencia municipal del Partido Verde Ecologista en Orizaba inici\u00f3 este s\u00e1bado 15 de febrero, la campa\u00f1a Af\u00edliate al Verde que tiene como meta adherir a unos mil 500 ciudadanos. Efr\u00e9n Cuevas Cant\u00fa, l\u00edder del Partido Verde en Orizaba revel\u00f3 que [&hellip;]<\/p>\n","protected":false},"author":2,"featured_media":3977,"comment_status":"open","ping_status":"open","sticky":false,"template":"","format":"standard","meta":{"rop_custom_images_group":[],"rop_custom_messages_group":[],"rop_publish_now":"initial","rop_publish_now_accounts":{"facebook_2001103103558832_108675811699976":""},"rop_publish_now_history":[],"rop_publish_now_status":"pending","footnotes":""},"categories":[6,5],"tags":[],"class_list":["post-3976","post","type-post","status-publish","format-standard","has-post-thumbnail","hentry","category-estatal","category-local"],"_links":{"self":[{"href":"https:\/\/reporte272.com\/portal\/wp-json\/wp\/v2\/posts\/3976","targetHints":{"allow":["GET"]}}],"collection":[{"href":"https:\/\/reporte272.com\/portal\/wp-json\/wp\/v2\/posts"}],"about":[{"href":"https:\/\/reporte272.com\/portal\/wp-json\/wp\/v2\/types\/post"}],"author":[{"embeddable":true,"href":"https:\/\/reporte272.com\/portal\/wp-json\/wp\/v2\/users\/2"}],"replies":[{"embeddable":true,"href":"https:\/\/reporte272.com\/portal\/wp-json\/wp\/v2\/comments?post=3976"}],"version-history":[{"count":2,"href":"https:\/\/reporte272.com\/portal\/wp-json\/wp\/v2\/posts\/3976\/revisions"}],"predecessor-version":[{"id":3993,"href":"https:\/\/reporte272.com\/portal\/wp-json\/wp\/v2\/posts\/3976\/revisions\/3993"}],"wp:featuredmedia":[{"embeddable":true,"href":"https:\/\/reporte272.com\/portal\/wp-json\/wp\/v2\/media\/3977"}],"wp:attachment":[{"href":"https:\/\/reporte272.com\/portal\/wp-json\/wp\/v2\/media?parent=3976"}],"wp:term":[{"taxonomy":"category","embeddable":true,"href":"https:\/\/reporte272.com\/portal\/wp-json\/wp\/v2\/categories?post=3976"},{"taxonomy":"post_tag","embeddable":true,"href":"https:\/\/reporte272.com\/portal\/wp-json\/wp\/v2\/tags?post=3976"}],"curies":[{"name":"wp","href":"https:\/\/api.w.org\/{rel}","templated":true}]}}