{"id":3983,"date":"2025-02-17T03:00:47","date_gmt":"2025-02-17T03:00:47","guid":{"rendered":"https:\/\/reporte272.com\/portal\/?p=3983"},"modified":"2025-02-17T03:00:48","modified_gmt":"2025-02-17T03:00:48","slug":"se-inscriben-armando-aiza-y-marycarmen-sosa-como-precandidatos-ciudadanos","status":"publish","type":"post","link":"https:\/\/reporte272.com\/portal\/se-inscriben-armando-aiza-y-marycarmen-sosa-como-precandidatos-ciudadanos\/","title":{"rendered":"Se inscriben Armando A\u00edza y Marycarmen Sosa como precandidatos ciudadanos"},"content":{"rendered":"\n<p class=\"wp-block-paragraph\">Los ciudadanos Mary Carmen Sosa Ortiz y Armando Aiza Debernardi se registraron en los \u00faltimos dos d\u00edas como precandidatos a la alcald\u00eda de #C\u00f3rdobaVeracruz por el #PAN \ud83d\udc4d\ud83c\udffb\ud83d\udc99en el Comit\u00e9 Directivo Estatal del Partido Acci\u00f3n Nacional<\/p>\n\n\n\n<p class=\"wp-block-paragraph\">Ambos empresarios, prometen un proyecto innovador y con oportunidades para la ciudad de los 30 Caballeros \ud83d\ude4c\ud83c\udffb<\/p>\n\n\n\n<p class=\"wp-block-paragraph\">Se espera que en las pr\u00f3ximas horas, tambi\u00e9n se registren militantes del partido pol\u00edtico albiazul, pues buscar\u00e1n que la candidatura quede para alguien emanado de las filas del PAN.<\/p>\n","protected":false},"excerpt":{"rendered":"<p>Los ciudadanos Mary Carmen Sosa Ortiz y Armando Aiza Debernardi se registraron en los \u00faltimos dos d\u00edas como precandidatos a la alcald\u00eda de #C\u00f3rdobaVeracruz por el #PAN \ud83d\udc4d\ud83c\udffb\ud83d\udc99en el Comit\u00e9 Directivo Estatal del Partido Acci\u00f3n Nacional Ambos empresarios, prometen un proyecto innovador y con oportunidades para la ciudad de los 30 Caballeros \ud83d\ude4c\ud83c\udffb Se espera [&hellip;]<\/p>\n","protected":false},"author":2,"featured_media":3984,"comment_status":"open","ping_status":"open","sticky":false,"template":"","format":"standard","meta":{"rop_custom_images_group":[],"rop_custom_messages_group":[],"rop_publish_now":"initial","rop_publish_now_accounts":{"facebook_2001103103558832_108675811699976":""},"rop_publish_now_history":[],"rop_publish_now_status":"pending","footnotes":""},"categories":[6],"tags":[],"class_list":["post-3983","post","type-post","status-publish","format-standard","has-post-thumbnail","hentry","category-estatal"],"_links":{"self":[{"href":"https:\/\/reporte272.com\/portal\/wp-json\/wp\/v2\/posts\/3983","targetHints":{"allow":["GET"]}}],"collection":[{"href":"https:\/\/reporte272.com\/portal\/wp-json\/wp\/v2\/posts"}],"about":[{"href":"https:\/\/reporte272.com\/portal\/wp-json\/wp\/v2\/types\/post"}],"author":[{"embeddable":true,"href":"https:\/\/reporte272.com\/portal\/wp-json\/wp\/v2\/users\/2"}],"replies":[{"embeddable":true,"href":"https:\/\/reporte272.com\/portal\/wp-json\/wp\/v2\/comments?post=3983"}],"version-history":[{"count":1,"href":"https:\/\/reporte272.com\/portal\/wp-json\/wp\/v2\/posts\/3983\/revisions"}],"predecessor-version":[{"id":3985,"href":"https:\/\/reporte272.com\/portal\/wp-json\/wp\/v2\/posts\/3983\/revisions\/3985"}],"wp:featuredmedia":[{"embeddable":true,"href":"https:\/\/reporte272.com\/portal\/wp-json\/wp\/v2\/media\/3984"}],"wp:attachment":[{"href":"https:\/\/reporte272.com\/portal\/wp-json\/wp\/v2\/media?parent=3983"}],"wp:term":[{"taxonomy":"category","embeddable":true,"href":"https:\/\/reporte272.com\/portal\/wp-json\/wp\/v2\/categories?post=3983"},{"taxonomy":"post_tag","embeddable":true,"href":"https:\/\/reporte272.com\/portal\/wp-json\/wp\/v2\/tags?post=3983"}],"curies":[{"name":"wp","href":"https:\/\/api.w.org\/{rel}","templated":true}]}}