{"id":3989,"date":"2025-02-17T03:19:00","date_gmt":"2025-02-17T03:19:00","guid":{"rendered":"https:\/\/reporte272.com\/portal\/?p=3989"},"modified":"2025-02-17T03:19:01","modified_gmt":"2025-02-17T03:19:01","slug":"refuerzan-medidas-y-sanciones-para-prevenir-incendios-forestales","status":"publish","type":"post","link":"https:\/\/reporte272.com\/portal\/refuerzan-medidas-y-sanciones-para-prevenir-incendios-forestales\/","title":{"rendered":"Refuerzan medidas y sanciones para prevenir incendios forestales"},"content":{"rendered":"\n<p class=\"wp-block-paragraph\"><strong>Acultzingo, Ver. 16\/02\/225 Miguel Hern\u00e1ndez <\/strong>Ante el riesgo latente de incendios forestales en la regi\u00f3n de las Altas Monta\u00f1as, autoridades municipales han endurecido sanciones y reforzado estrategias de prevenci\u00f3n para evitar una crisis ambiental como la de 2024.<\/p>\n\n\n\n<p class=\"wp-block-paragraph\">Aunque Acultzingo no registr\u00f3 incendios propios el a\u00f1o pasado, s\u00ed sufri\u00f3 los efectos de un siniestro originado en Nogales, que, impulsado por fuertes vientos, alcanz\u00f3 el cerro del Xochio. Brigadistas y cuerpos de emergencia trabajaron intensamente durante d\u00edas para controlar la situaci\u00f3n y evitar mayores da\u00f1os.<\/p>\n\n\n\n<p class=\"wp-block-paragraph\">Para este 2025, el municipio ha fortalecido sus acciones preventivas con la creaci\u00f3n de una brigada especializada en incendios forestales. Ayer, sus integrantes participaron en una capacitaci\u00f3n en Nogales, con el objetivo de mejorar su preparaci\u00f3n y tiempos de respuesta.<\/p>\n\n\n\n<p class=\"wp-block-paragraph\">\u201cAunque en Acultzingo no se generaron incendios forestales, nuestra unidad de ataque r\u00e1pido y Protecci\u00f3n Civil atendieron cerca de 40 conatos de quema de pastizales y basura\u201d, indicaron autoridades municipales.<\/p>\n\n\n\n<p class=\"wp-block-paragraph\">Actualmente, m\u00e1s de 25 personas conforman el equipo de Protecci\u00f3n Civil y la brigada contra incendios, quienes reciben formaci\u00f3n continua para actuar de manera eficiente en emergencias.<\/p>\n\n\n\n<p class=\"wp-block-paragraph\">Adem\u00e1s, se ha establecido una red de comunicaci\u00f3n entre autoridades locales, agentes municipales y la sociedad civil para detectar y responder con rapidez ante cualquier indicio de fuego en la zona.<\/p>\n","protected":false},"excerpt":{"rendered":"<p>Acultzingo, Ver. 16\/02\/225 Miguel Hern\u00e1ndez Ante el riesgo latente de incendios forestales en la regi\u00f3n de las Altas Monta\u00f1as, autoridades municipales han endurecido sanciones y reforzado estrategias de prevenci\u00f3n para evitar una crisis ambiental como la de 2024. Aunque Acultzingo no registr\u00f3 incendios propios el a\u00f1o pasado, s\u00ed sufri\u00f3 los efectos de un siniestro originado [&hellip;]<\/p>\n","protected":false},"author":2,"featured_media":3990,"comment_status":"open","ping_status":"open","sticky":false,"template":"","format":"standard","meta":{"rop_custom_images_group":[],"rop_custom_messages_group":[],"rop_publish_now":"initial","rop_publish_now_accounts":{"facebook_2001103103558832_108675811699976":""},"rop_publish_now_history":[],"rop_publish_now_status":"pending","footnotes":""},"categories":[5,10],"tags":[],"class_list":["post-3989","post","type-post","status-publish","format-standard","has-post-thumbnail","hentry","category-local","category-portada"],"_links":{"self":[{"href":"https:\/\/reporte272.com\/portal\/wp-json\/wp\/v2\/posts\/3989","targetHints":{"allow":["GET"]}}],"collection":[{"href":"https:\/\/reporte272.com\/portal\/wp-json\/wp\/v2\/posts"}],"about":[{"href":"https:\/\/reporte272.com\/portal\/wp-json\/wp\/v2\/types\/post"}],"author":[{"embeddable":true,"href":"https:\/\/reporte272.com\/portal\/wp-json\/wp\/v2\/users\/2"}],"replies":[{"embeddable":true,"href":"https:\/\/reporte272.com\/portal\/wp-json\/wp\/v2\/comments?post=3989"}],"version-history":[{"count":1,"href":"https:\/\/reporte272.com\/portal\/wp-json\/wp\/v2\/posts\/3989\/revisions"}],"predecessor-version":[{"id":3991,"href":"https:\/\/reporte272.com\/portal\/wp-json\/wp\/v2\/posts\/3989\/revisions\/3991"}],"wp:featuredmedia":[{"embeddable":true,"href":"https:\/\/reporte272.com\/portal\/wp-json\/wp\/v2\/media\/3990"}],"wp:attachment":[{"href":"https:\/\/reporte272.com\/portal\/wp-json\/wp\/v2\/media?parent=3989"}],"wp:term":[{"taxonomy":"category","embeddable":true,"href":"https:\/\/reporte272.com\/portal\/wp-json\/wp\/v2\/categories?post=3989"},{"taxonomy":"post_tag","embeddable":true,"href":"https:\/\/reporte272.com\/portal\/wp-json\/wp\/v2\/tags?post=3989"}],"curies":[{"name":"wp","href":"https:\/\/api.w.org\/{rel}","templated":true}]}}