{"id":3994,"date":"2025-02-17T18:33:12","date_gmt":"2025-02-17T18:33:12","guid":{"rendered":"https:\/\/reporte272.com\/portal\/?p=3994"},"modified":"2025-02-17T18:33:14","modified_gmt":"2025-02-17T18:33:14","slug":"fallecio-paquita-la-del-barrio-a-los-77-anos","status":"publish","type":"post","link":"https:\/\/reporte272.com\/portal\/fallecio-paquita-la-del-barrio-a-los-77-anos\/","title":{"rendered":"Falleci\u00f3 Paquita la del Barrio a los 77 a\u00f1os"},"content":{"rendered":"\n<p class=\"wp-block-paragraph\">La noticia fue dada a conocer a trav\u00e9s de sus redes sociales, en donde se inform\u00f3 que muri\u00f3 en su casa de Veracruz.<br>La familia pidi\u00f3 respeto y comprensi\u00f3n en este momento tan doloroso.<\/p>\n\n\n\n<h1 class=\"wp-block-heading\">QEPD \ud83c\udf39<\/h1>\n","protected":false},"excerpt":{"rendered":"<p>La noticia fue dada a conocer a trav\u00e9s de sus redes sociales, en donde se inform\u00f3 que muri\u00f3 en su casa de Veracruz.La familia pidi\u00f3 respeto y comprensi\u00f3n en este momento tan doloroso. QEPD \ud83c\udf39<\/p>\n","protected":false},"author":2,"featured_media":3995,"comment_status":"open","ping_status":"open","sticky":false,"template":"","format":"standard","meta":{"rop_custom_images_group":[],"rop_custom_messages_group":[],"rop_publish_now":"initial","rop_publish_now_accounts":{"facebook_2001103103558832_108675811699976":""},"rop_publish_now_history":[],"rop_publish_now_status":"pending","footnotes":""},"categories":[6,7],"tags":[],"class_list":["post-3994","post","type-post","status-publish","format-standard","has-post-thumbnail","hentry","category-estatal","category-nacional"],"_links":{"self":[{"href":"https:\/\/reporte272.com\/portal\/wp-json\/wp\/v2\/posts\/3994","targetHints":{"allow":["GET"]}}],"collection":[{"href":"https:\/\/reporte272.com\/portal\/wp-json\/wp\/v2\/posts"}],"about":[{"href":"https:\/\/reporte272.com\/portal\/wp-json\/wp\/v2\/types\/post"}],"author":[{"embeddable":true,"href":"https:\/\/reporte272.com\/portal\/wp-json\/wp\/v2\/users\/2"}],"replies":[{"embeddable":true,"href":"https:\/\/reporte272.com\/portal\/wp-json\/wp\/v2\/comments?post=3994"}],"version-history":[{"count":1,"href":"https:\/\/reporte272.com\/portal\/wp-json\/wp\/v2\/posts\/3994\/revisions"}],"predecessor-version":[{"id":3996,"href":"https:\/\/reporte272.com\/portal\/wp-json\/wp\/v2\/posts\/3994\/revisions\/3996"}],"wp:featuredmedia":[{"embeddable":true,"href":"https:\/\/reporte272.com\/portal\/wp-json\/wp\/v2\/media\/3995"}],"wp:attachment":[{"href":"https:\/\/reporte272.com\/portal\/wp-json\/wp\/v2\/media?parent=3994"}],"wp:term":[{"taxonomy":"category","embeddable":true,"href":"https:\/\/reporte272.com\/portal\/wp-json\/wp\/v2\/categories?post=3994"},{"taxonomy":"post_tag","embeddable":true,"href":"https:\/\/reporte272.com\/portal\/wp-json\/wp\/v2\/tags?post=3994"}],"curies":[{"name":"wp","href":"https:\/\/api.w.org\/{rel}","templated":true}]}}