{"id":4003,"date":"2025-02-18T04:15:20","date_gmt":"2025-02-18T04:15:20","guid":{"rendered":"https:\/\/reporte272.com\/portal\/?p=4003"},"modified":"2025-02-18T04:15:21","modified_gmt":"2025-02-18T04:15:21","slug":"cam-de-ciudad-mendoza-recibe-a-estudiantes-de-la-region-ante-la-falta-de-espacios-educativos","status":"publish","type":"post","link":"https:\/\/reporte272.com\/portal\/cam-de-ciudad-mendoza-recibe-a-estudiantes-de-la-region-ante-la-falta-de-espacios-educativos\/","title":{"rendered":"CAM de Ciudad Mendoza recibe a estudiantes de la regi\u00f3n ante la falta de espacios educativos"},"content":{"rendered":"\n<p class=\"wp-block-paragraph\"><strong>Ciudad Mendoza, Ver. 17\/02\/2025 Miguel Hern\u00e1ndez.- <\/strong>Debido a la carencia de centros especializados en otros municipios, el Centro de Atenci\u00f3n M\u00faltiple (CAM) de <strong>Ciudad Mendoza<\/strong> ha ampliado su cobertura y atiende a ni\u00f1os y ni\u00f1as con discapacidad de diversas localidades, inform\u00f3 su directora, Mayra Elizabeth Hern\u00e1ndez Luna.<\/p>\n\n\n\n<p class=\"wp-block-paragraph\">\u201cSomos una escuela regional porque, aunque estamos en Ciudad Mendoza, recibimos alumnos de Maltrata, Acultzingo, R\u00edo Blanco, Balastrera, Nogales y Orizaba. Esto nos ha llevado a crecer y a adaptarnos para atender a m\u00e1s estudiantes\u201d, se\u00f1al\u00f3.<\/p>\n\n\n\n<p class=\"wp-block-paragraph\">El CAM opera en las instalaciones de la ex Facultad de Contadur\u00eda, un espacio que, si bien ha sido acondicionado, no es el ideal para las necesidades de los alumnos. \u201cNos hemos ajustado a las condiciones del lugar, pero seguimos enfrentando retos en materia de infraestructura\u201d, explic\u00f3 Hern\u00e1ndez Luna.<\/p>\n\n\n\n<p class=\"wp-block-paragraph\">A pesar de estas limitaciones, el plantel ha logrado equiparse con mobiliario y materiales educativos a trav\u00e9s del programa La Escuela es Nuestra, lo que ha permitido mejorar la atenci\u00f3n a los estudiantes. Sin embargo, a\u00fan persisten necesidades, como contar con instalaciones m\u00e1s adecuadas y la asignaci\u00f3n de un maestro de Educaci\u00f3n F\u00edsica, recurso que han solicitado sin \u00e9xito.<\/p>\n\n\n\n<p class=\"wp-block-paragraph\">Mientras tanto, el personal docente ha asumido la tarea de realizar actividades f\u00edsicas con los ni\u00f1os para suplir esta carencia, con la esperanza de que las autoridades educativas atiendan la petici\u00f3n y asignen el apoyo necesario.<\/p>\n","protected":false},"excerpt":{"rendered":"<p>Ciudad Mendoza, Ver. 17\/02\/2025 Miguel Hern\u00e1ndez.- Debido a la carencia de centros especializados en otros municipios, el Centro de Atenci\u00f3n M\u00faltiple (CAM) de Ciudad Mendoza ha ampliado su cobertura y atiende a ni\u00f1os y ni\u00f1as con discapacidad de diversas localidades, inform\u00f3 su directora, Mayra Elizabeth Hern\u00e1ndez Luna. \u201cSomos una escuela regional porque, aunque estamos en [&hellip;]<\/p>\n","protected":false},"author":2,"featured_media":4004,"comment_status":"open","ping_status":"open","sticky":false,"template":"","format":"standard","meta":{"rop_custom_images_group":[],"rop_custom_messages_group":[],"rop_publish_now":"initial","rop_publish_now_accounts":{"facebook_2001103103558832_108675811699976":""},"rop_publish_now_history":[],"rop_publish_now_status":"pending","footnotes":""},"categories":[5,10],"tags":[],"class_list":["post-4003","post","type-post","status-publish","format-standard","has-post-thumbnail","hentry","category-local","category-portada"],"_links":{"self":[{"href":"https:\/\/reporte272.com\/portal\/wp-json\/wp\/v2\/posts\/4003","targetHints":{"allow":["GET"]}}],"collection":[{"href":"https:\/\/reporte272.com\/portal\/wp-json\/wp\/v2\/posts"}],"about":[{"href":"https:\/\/reporte272.com\/portal\/wp-json\/wp\/v2\/types\/post"}],"author":[{"embeddable":true,"href":"https:\/\/reporte272.com\/portal\/wp-json\/wp\/v2\/users\/2"}],"replies":[{"embeddable":true,"href":"https:\/\/reporte272.com\/portal\/wp-json\/wp\/v2\/comments?post=4003"}],"version-history":[{"count":1,"href":"https:\/\/reporte272.com\/portal\/wp-json\/wp\/v2\/posts\/4003\/revisions"}],"predecessor-version":[{"id":4005,"href":"https:\/\/reporte272.com\/portal\/wp-json\/wp\/v2\/posts\/4003\/revisions\/4005"}],"wp:featuredmedia":[{"embeddable":true,"href":"https:\/\/reporte272.com\/portal\/wp-json\/wp\/v2\/media\/4004"}],"wp:attachment":[{"href":"https:\/\/reporte272.com\/portal\/wp-json\/wp\/v2\/media?parent=4003"}],"wp:term":[{"taxonomy":"category","embeddable":true,"href":"https:\/\/reporte272.com\/portal\/wp-json\/wp\/v2\/categories?post=4003"},{"taxonomy":"post_tag","embeddable":true,"href":"https:\/\/reporte272.com\/portal\/wp-json\/wp\/v2\/tags?post=4003"}],"curies":[{"name":"wp","href":"https:\/\/api.w.org\/{rel}","templated":true}]}}