{"id":4006,"date":"2025-02-18T04:27:13","date_gmt":"2025-02-18T04:27:13","guid":{"rendered":"https:\/\/reporte272.com\/portal\/?p=4006"},"modified":"2025-02-18T04:27:14","modified_gmt":"2025-02-18T04:27:14","slug":"del-17-al-28-de-febrero-registro-a-las-pensiones-para-el-bienestar-de-las-personas-adultas-mayores-con-discapacidad-y-mujeres-bienestar-ariadna-montiel","status":"publish","type":"post","link":"https:\/\/reporte272.com\/portal\/del-17-al-28-de-febrero-registro-a-las-pensiones-para-el-bienestar-de-las-personas-adultas-mayores-con-discapacidad-y-mujeres-bienestar-ariadna-montiel\/","title":{"rendered":"Del 17 al 28 de febrero registro a las Pensiones para el Bienestar de las Personas Adultas Mayores, con Discapacidad y Mujeres Bienestar: Ariadna Montiel"},"content":{"rendered":"\n<p class=\"wp-block-paragraph\">Durante la conferencia matutina: \u201cLas ma\u00f1aneras del pueblo\u201d, que encabeza la Presidenta Claudia Sheinbaum Pardo en Palacio Nacional, la secretaria de Bienestar, Ariadna Montiel Reyes, inform\u00f3 que, en el primer bimestre de 2025, correspondiente a enero-febrero, 15 millones 210 mil 410 derechohabientes recibieron el pago de las Pensiones para el Bienestar.<br>Detall\u00f3 que por medio de una inversi\u00f3n social de 85 mil 964 millones de pesos (mdp) se dispersaron los apoyos para las Personas Adultas Mayores, con Discapacidad y Mujeres Bienestar; as\u00ed como para los Programas de Apoyo a Ni\u00f1as y Ni\u00f1os, Hijos de Madres Trabajadoras; y Sembrando Vida.<br>Convoc\u00f3 a los Adultos Mayores de 65 a\u00f1os, Personas con Discapacidad y Mujeres Bienestar que tienen o cumplen entre enero y febrero 63 a\u00f1os acudir a los M\u00f3dulos de Bienestar que brindan atenci\u00f3n de lunes a s\u00e1bado, de 10:00 a 16:00 horas. Para conocer fecha de registro y ubicaci\u00f3n de los M\u00f3dulos Bienestar, consultar la p\u00e1gina oficial de la Secretar\u00eda de Bienestar gob.mx\/bienestar<br>.<br>Montiel Reyes explic\u00f3 que el registro se realiza de acuerdo con la letra inicial del primer apellido de la Persona Adulta Mayor, con Discapacidad o Mujeres Bienestar<\/p>\n","protected":false},"excerpt":{"rendered":"<p>Durante la conferencia matutina: \u201cLas ma\u00f1aneras del pueblo\u201d, que encabeza la Presidenta Claudia Sheinbaum Pardo en Palacio Nacional, la secretaria de Bienestar, Ariadna Montiel Reyes, inform\u00f3 que, en el primer bimestre de 2025, correspondiente a enero-febrero, 15 millones 210 mil 410 derechohabientes recibieron el pago de las Pensiones para el Bienestar.Detall\u00f3 que por medio de [&hellip;]<\/p>\n","protected":false},"author":2,"featured_media":4007,"comment_status":"open","ping_status":"open","sticky":false,"template":"","format":"standard","meta":{"rop_custom_images_group":[],"rop_custom_messages_group":[],"rop_publish_now":"initial","rop_publish_now_accounts":{"facebook_2001103103558832_108675811699976":""},"rop_publish_now_history":[],"rop_publish_now_status":"pending","footnotes":""},"categories":[6,5,7],"tags":[],"class_list":["post-4006","post","type-post","status-publish","format-standard","has-post-thumbnail","hentry","category-estatal","category-local","category-nacional"],"_links":{"self":[{"href":"https:\/\/reporte272.com\/portal\/wp-json\/wp\/v2\/posts\/4006","targetHints":{"allow":["GET"]}}],"collection":[{"href":"https:\/\/reporte272.com\/portal\/wp-json\/wp\/v2\/posts"}],"about":[{"href":"https:\/\/reporte272.com\/portal\/wp-json\/wp\/v2\/types\/post"}],"author":[{"embeddable":true,"href":"https:\/\/reporte272.com\/portal\/wp-json\/wp\/v2\/users\/2"}],"replies":[{"embeddable":true,"href":"https:\/\/reporte272.com\/portal\/wp-json\/wp\/v2\/comments?post=4006"}],"version-history":[{"count":1,"href":"https:\/\/reporte272.com\/portal\/wp-json\/wp\/v2\/posts\/4006\/revisions"}],"predecessor-version":[{"id":4008,"href":"https:\/\/reporte272.com\/portal\/wp-json\/wp\/v2\/posts\/4006\/revisions\/4008"}],"wp:featuredmedia":[{"embeddable":true,"href":"https:\/\/reporte272.com\/portal\/wp-json\/wp\/v2\/media\/4007"}],"wp:attachment":[{"href":"https:\/\/reporte272.com\/portal\/wp-json\/wp\/v2\/media?parent=4006"}],"wp:term":[{"taxonomy":"category","embeddable":true,"href":"https:\/\/reporte272.com\/portal\/wp-json\/wp\/v2\/categories?post=4006"},{"taxonomy":"post_tag","embeddable":true,"href":"https:\/\/reporte272.com\/portal\/wp-json\/wp\/v2\/tags?post=4006"}],"curies":[{"name":"wp","href":"https:\/\/api.w.org\/{rel}","templated":true}]}}