{"id":4018,"date":"2025-02-18T06:50:51","date_gmt":"2025-02-18T06:50:51","guid":{"rendered":"https:\/\/reporte272.com\/portal\/?p=4018"},"modified":"2025-02-18T06:50:51","modified_gmt":"2025-02-18T06:50:51","slug":"destituyen-a-coordinador-y-suspenden-a-docente-en-telebachillerato-de-jalapilla","status":"publish","type":"post","link":"https:\/\/reporte272.com\/portal\/destituyen-a-coordinador-y-suspenden-a-docente-en-telebachillerato-de-jalapilla\/","title":{"rendered":"Destituyen a coordinador y suspenden a docente en Telebachillerato de Jalapilla"},"content":{"rendered":"\n<p class=\"wp-block-paragraph\"><strong>Rafael Delgado, Ver. 17\/02\/2025 Miguel Hern\u00e1ndez \u2013 <\/strong>En respuesta a los acuerdos alcanzados entre la Asociaci\u00f3n de Padres de Familia (APF) y las autoridades educativas, se confirm\u00f3 la destituci\u00f3n del coordinador del Telebachillerato de Jalapilla, as\u00ed como la separaci\u00f3n temporal de una docente mientras se desarrolla una investigaci\u00f3n sobre su desempe\u00f1o. Reporte272<\/p>\n\n\n\n<p class=\"wp-block-paragraph\">Rosa Mar\u00eda Gonz\u00e1lez Xitlama, presidenta de la APF, inform\u00f3 que ambas figuras est\u00e1n sujetas a un proceso de indagaci\u00f3n, lo que llev\u00f3 a la toma de decisiones para garantizar un ambiente adecuado en la instituci\u00f3n. Tras estos ajustes, las actividades escolares se reanudaron con normalidad desde el pasado mi\u00e9rcoles.<\/p>\n\n\n\n<p class=\"wp-block-paragraph\">Adem\u00e1s, dentro de las investigaciones en curso, se incluye el caso de bullying registrado el a\u00f1o anterior, el cual gener\u00f3 preocupaci\u00f3n en la comunidad tras la difusi\u00f3n de un video en redes sociales que evidenci\u00f3 la falta de supervisi\u00f3n docente y una situaci\u00f3n de riesgo para una estudiante.<\/p>\n\n\n\n<p class=\"wp-block-paragraph\">Los padres de familia han expresado su expectativa de que las autoridades educativas cumplan con los compromisos asumidos y que la investigaci\u00f3n se lleve a cabo de manera exhaustiva, con el objetivo de asegurar la integridad y bienestar de los alumnos.<\/p>\n","protected":false},"excerpt":{"rendered":"<p>Rafael Delgado, Ver. 17\/02\/2025 Miguel Hern\u00e1ndez \u2013 En respuesta a los acuerdos alcanzados entre la Asociaci\u00f3n de Padres de Familia (APF) y las autoridades educativas, se confirm\u00f3 la destituci\u00f3n del coordinador del Telebachillerato de Jalapilla, as\u00ed como la separaci\u00f3n temporal de una docente mientras se desarrolla una investigaci\u00f3n sobre su desempe\u00f1o. Reporte272 Rosa Mar\u00eda Gonz\u00e1lez [&hellip;]<\/p>\n","protected":false},"author":2,"featured_media":3891,"comment_status":"open","ping_status":"open","sticky":false,"template":"","format":"standard","meta":{"rop_custom_images_group":[],"rop_custom_messages_group":[],"rop_publish_now":"initial","rop_publish_now_accounts":{"facebook_2001103103558832_108675811699976":""},"rop_publish_now_history":[],"rop_publish_now_status":"pending","footnotes":""},"categories":[5,10],"tags":[],"class_list":["post-4018","post","type-post","status-publish","format-standard","has-post-thumbnail","hentry","category-local","category-portada"],"_links":{"self":[{"href":"https:\/\/reporte272.com\/portal\/wp-json\/wp\/v2\/posts\/4018","targetHints":{"allow":["GET"]}}],"collection":[{"href":"https:\/\/reporte272.com\/portal\/wp-json\/wp\/v2\/posts"}],"about":[{"href":"https:\/\/reporte272.com\/portal\/wp-json\/wp\/v2\/types\/post"}],"author":[{"embeddable":true,"href":"https:\/\/reporte272.com\/portal\/wp-json\/wp\/v2\/users\/2"}],"replies":[{"embeddable":true,"href":"https:\/\/reporte272.com\/portal\/wp-json\/wp\/v2\/comments?post=4018"}],"version-history":[{"count":1,"href":"https:\/\/reporte272.com\/portal\/wp-json\/wp\/v2\/posts\/4018\/revisions"}],"predecessor-version":[{"id":4019,"href":"https:\/\/reporte272.com\/portal\/wp-json\/wp\/v2\/posts\/4018\/revisions\/4019"}],"wp:featuredmedia":[{"embeddable":true,"href":"https:\/\/reporte272.com\/portal\/wp-json\/wp\/v2\/media\/3891"}],"wp:attachment":[{"href":"https:\/\/reporte272.com\/portal\/wp-json\/wp\/v2\/media?parent=4018"}],"wp:term":[{"taxonomy":"category","embeddable":true,"href":"https:\/\/reporte272.com\/portal\/wp-json\/wp\/v2\/categories?post=4018"},{"taxonomy":"post_tag","embeddable":true,"href":"https:\/\/reporte272.com\/portal\/wp-json\/wp\/v2\/tags?post=4018"}],"curies":[{"name":"wp","href":"https:\/\/api.w.org\/{rel}","templated":true}]}}