{"id":4031,"date":"2025-02-19T05:03:53","date_gmt":"2025-02-19T05:03:53","guid":{"rendered":"https:\/\/reporte272.com\/portal\/?p=4031"},"modified":"2025-02-19T05:03:54","modified_gmt":"2025-02-19T05:03:54","slug":"se-fractura-movimiento-ciudadano-en-rio-blanco","status":"publish","type":"post","link":"https:\/\/reporte272.com\/portal\/se-fractura-movimiento-ciudadano-en-rio-blanco\/","title":{"rendered":"Se fractura Movimiento Ciudadano, en R\u00edo Blanco"},"content":{"rendered":"\n<p class=\"wp-block-paragraph\"><strong>Orizaba, Ver. Reporte272 \/ Alfonso Yonca Gonzalez. &#8211;<\/strong> La coordinadora municipal de Movimiento Ciudadano (MC) en R\u00edo Blanco, Arlette Jim\u00e9nez Cabello acompa\u00f1ada de su estructura se quitaron las camisetas fosfo en se\u00f1al de renuncia al partido naranja tras acusar que hubo imposici\u00f3n de parte del Comit\u00e9 Estatal al designar como precandidato a un exalcalde morenista.<\/p>\n\n\n\n<p class=\"wp-block-paragraph\">La excandidata a la diputaci\u00f3n local dijo que tanto ella como su equipo externan su desacuerdo por parte de los dirigentes estatales, el haber designado como precandidato al ingeniero David Vel\u00e1zquez, para competir a la alcald\u00eda del municipio de R\u00edo Blanco Veracruz en las pr\u00f3ximas elecciones, \u201cya que por caprichos de ciertos personajes que est\u00e1n m\u00e1s arriba, los impusieron &#8220;, extern\u00f3.<\/p>\n\n\n\n<p class=\"wp-block-paragraph\">Dijo que est\u00e1n en desacuerdo porque la coordinaci\u00f3n que representa trabaj\u00f3 mucho creyendo firmemente en el proyecto de movimiento ciudadano, &#8220;fue un a\u00f1o que trabajamos incansablemente, cre\u00edmos en los ideales de todos ellos y cre\u00edmos ciegamente en todas las propuestas&#8221;, a\u00f1adi\u00f3.<\/p>\n\n\n\n<p class=\"wp-block-paragraph\">Lo anterior lo dio a conocer en rueda de prensa Jim\u00e9nez Cabello, &#8220;estamos m\u00e1s que convencidos de que no queremos seguir dentro del partido por todas esas irregularidades que se han dado no solamente en R\u00edo Blanco, sino tambi\u00e9n en otros municipios, hay que tener palabra y hay que tener valor&#8221;, a\u00f1adi\u00f3.<\/p>\n","protected":false},"excerpt":{"rendered":"<p>Orizaba, Ver. Reporte272 \/ Alfonso Yonca Gonzalez. &#8211; La coordinadora municipal de Movimiento Ciudadano (MC) en R\u00edo Blanco, Arlette Jim\u00e9nez Cabello acompa\u00f1ada de su estructura se quitaron las camisetas fosfo en se\u00f1al de renuncia al partido naranja tras acusar que hubo imposici\u00f3n de parte del Comit\u00e9 Estatal al designar como precandidato a un exalcalde morenista. [&hellip;]<\/p>\n","protected":false},"author":2,"featured_media":4033,"comment_status":"open","ping_status":"open","sticky":false,"template":"","format":"standard","meta":{"rop_custom_images_group":[],"rop_custom_messages_group":[],"rop_publish_now":"initial","rop_publish_now_accounts":{"facebook_2001103103558832_108675811699976":""},"rop_publish_now_history":[],"rop_publish_now_status":"pending","footnotes":""},"categories":[5],"tags":[],"class_list":["post-4031","post","type-post","status-publish","format-standard","has-post-thumbnail","hentry","category-local"],"_links":{"self":[{"href":"https:\/\/reporte272.com\/portal\/wp-json\/wp\/v2\/posts\/4031","targetHints":{"allow":["GET"]}}],"collection":[{"href":"https:\/\/reporte272.com\/portal\/wp-json\/wp\/v2\/posts"}],"about":[{"href":"https:\/\/reporte272.com\/portal\/wp-json\/wp\/v2\/types\/post"}],"author":[{"embeddable":true,"href":"https:\/\/reporte272.com\/portal\/wp-json\/wp\/v2\/users\/2"}],"replies":[{"embeddable":true,"href":"https:\/\/reporte272.com\/portal\/wp-json\/wp\/v2\/comments?post=4031"}],"version-history":[{"count":1,"href":"https:\/\/reporte272.com\/portal\/wp-json\/wp\/v2\/posts\/4031\/revisions"}],"predecessor-version":[{"id":4034,"href":"https:\/\/reporte272.com\/portal\/wp-json\/wp\/v2\/posts\/4031\/revisions\/4034"}],"wp:featuredmedia":[{"embeddable":true,"href":"https:\/\/reporte272.com\/portal\/wp-json\/wp\/v2\/media\/4033"}],"wp:attachment":[{"href":"https:\/\/reporte272.com\/portal\/wp-json\/wp\/v2\/media?parent=4031"}],"wp:term":[{"taxonomy":"category","embeddable":true,"href":"https:\/\/reporte272.com\/portal\/wp-json\/wp\/v2\/categories?post=4031"},{"taxonomy":"post_tag","embeddable":true,"href":"https:\/\/reporte272.com\/portal\/wp-json\/wp\/v2\/tags?post=4031"}],"curies":[{"name":"wp","href":"https:\/\/api.w.org\/{rel}","templated":true}]}}