{"id":4045,"date":"2025-02-20T16:16:26","date_gmt":"2025-02-20T16:16:26","guid":{"rendered":"https:\/\/reporte272.com\/portal\/?p=4045"},"modified":"2025-02-20T16:16:26","modified_gmt":"2025-02-20T16:16:26","slug":"detenido-en-flagrancia-y-enervantes-asegurados-en-operativo-de-cateo-con-fuerzas-federales-en-ciudad-mendoza","status":"publish","type":"post","link":"https:\/\/reporte272.com\/portal\/detenido-en-flagrancia-y-enervantes-asegurados-en-operativo-de-cateo-con-fuerzas-federales-en-ciudad-mendoza\/","title":{"rendered":"Detenido en flagrancia y enervantes asegurados en operativo de cateo con fuerzas federales en Ciudad Mendoza"},"content":{"rendered":"\n<p class=\"wp-block-paragraph\"><strong>Ciudad Mendoza, Ver.-L<\/strong>a Fiscal\u00eda General del Estado informa que, Fiscales, Peritos y Polic\u00edas Ministeriales adscritos a la Fiscal\u00eda Regional C\u00f3rdoba, en coordinaci\u00f3n con la Secretar\u00eda de la Defensa Nacional, Secretar\u00eda de Marina, Guardia Nacional y la Secretar\u00eda de Seguridad P\u00fablica Estatal, detuvieron en flagrancia a Ra\u00fal \u201cN\u201d.<\/p>\n\n\n\n<p class=\"wp-block-paragraph\">Los hechos ocurrieron cuando los elementos policiales llevaban a cabo un cateo autorizado por un juez, en la colonia Liberaci\u00f3n de esta ciudad, donde le fueron aseguradas diversas dosis de enervantes con caracter\u00edsticas similares a las de la marihuana y el cristal, as\u00ed como cartuchos bal\u00edsticos y un tel\u00e9fono celular.<\/p>\n\n\n\n<p class=\"wp-block-paragraph\">Respetando sus derechos humanos y el debido proceso, el detenido fue presentado ante el fiscal correspondiente de la Fiscal\u00eda Regional C\u00f3rdoba para que defina su situaci\u00f3n jur\u00eddica.<\/p>\n\n\n\n<p class=\"wp-block-paragraph\"><strong>A 20 de febrero del 2025, s\u00edguenos en Facebook Reporte272<\/strong><\/p>\n\n\n\n<p class=\"wp-block-paragraph\"><\/p>\n","protected":false},"excerpt":{"rendered":"<p>Ciudad Mendoza, Ver.-La Fiscal\u00eda General del Estado informa que, Fiscales, Peritos y Polic\u00edas Ministeriales adscritos a la Fiscal\u00eda Regional C\u00f3rdoba, en coordinaci\u00f3n con la Secretar\u00eda de la Defensa Nacional, Secretar\u00eda de Marina, Guardia Nacional y la Secretar\u00eda de Seguridad P\u00fablica Estatal, detuvieron en flagrancia a Ra\u00fal \u201cN\u201d. Los hechos ocurrieron cuando los elementos policiales llevaban [&hellip;]<\/p>\n","protected":false},"author":2,"featured_media":4046,"comment_status":"open","ping_status":"open","sticky":false,"template":"","format":"standard","meta":{"rop_custom_images_group":[],"rop_custom_messages_group":[],"rop_publish_now":"initial","rop_publish_now_accounts":{"facebook_2001103103558832_108675811699976":""},"rop_publish_now_history":[],"rop_publish_now_status":"pending","footnotes":""},"categories":[9],"tags":[],"class_list":["post-4045","post","type-post","status-publish","format-standard","has-post-thumbnail","hentry","category-policiaca"],"_links":{"self":[{"href":"https:\/\/reporte272.com\/portal\/wp-json\/wp\/v2\/posts\/4045","targetHints":{"allow":["GET"]}}],"collection":[{"href":"https:\/\/reporte272.com\/portal\/wp-json\/wp\/v2\/posts"}],"about":[{"href":"https:\/\/reporte272.com\/portal\/wp-json\/wp\/v2\/types\/post"}],"author":[{"embeddable":true,"href":"https:\/\/reporte272.com\/portal\/wp-json\/wp\/v2\/users\/2"}],"replies":[{"embeddable":true,"href":"https:\/\/reporte272.com\/portal\/wp-json\/wp\/v2\/comments?post=4045"}],"version-history":[{"count":1,"href":"https:\/\/reporte272.com\/portal\/wp-json\/wp\/v2\/posts\/4045\/revisions"}],"predecessor-version":[{"id":4047,"href":"https:\/\/reporte272.com\/portal\/wp-json\/wp\/v2\/posts\/4045\/revisions\/4047"}],"wp:featuredmedia":[{"embeddable":true,"href":"https:\/\/reporte272.com\/portal\/wp-json\/wp\/v2\/media\/4046"}],"wp:attachment":[{"href":"https:\/\/reporte272.com\/portal\/wp-json\/wp\/v2\/media?parent=4045"}],"wp:term":[{"taxonomy":"category","embeddable":true,"href":"https:\/\/reporte272.com\/portal\/wp-json\/wp\/v2\/categories?post=4045"},{"taxonomy":"post_tag","embeddable":true,"href":"https:\/\/reporte272.com\/portal\/wp-json\/wp\/v2\/tags?post=4045"}],"curies":[{"name":"wp","href":"https:\/\/api.w.org\/{rel}","templated":true}]}}