{"id":4048,"date":"2025-02-20T16:20:48","date_gmt":"2025-02-20T16:20:48","guid":{"rendered":"https:\/\/reporte272.com\/portal\/?p=4048"},"modified":"2025-02-20T16:20:49","modified_gmt":"2025-02-20T16:20:49","slug":"se-registra-explosion-por-fuga-y-acumulacion-de-gas-lp-en-vivienda-de-la-colonia-la-esmeralda-de-cordoba","status":"publish","type":"post","link":"https:\/\/reporte272.com\/portal\/se-registra-explosion-por-fuga-y-acumulacion-de-gas-lp-en-vivienda-de-la-colonia-la-esmeralda-de-cordoba\/","title":{"rendered":"Se registra explosi\u00f3n por fuga y acumulaci\u00f3n de gas LP en vivienda de la Colonia La Esmeralda, de C\u00f3rdoba"},"content":{"rendered":"\n<p class=\"wp-block-paragraph\"><strong>C\u00f3rdoba, Ver. (Reporte272 \/ Ixio Loaiza).-<\/strong> La explosi\u00f3n por una aparente fuga y acumulaci\u00f3n de gas LP, al interior de un domicilio particular ubicado en la Colonia La Esmeralda, de C\u00f3rdoba, dej\u00f3 como saldo una persona del sexo masculino con quemaduras de segundo y tercer grado, da\u00f1os materiales invaluables y una inmediata movilizaci\u00f3n de diferentes cuerpos de emergencias y rescate, adem\u00e1s de policiales.<\/p>\n\n\n\n<p class=\"wp-block-paragraph\">De acuerdo al reporte policial, en punto de las 11:50 horas de este mi\u00e9rcoles, habitantes cordobeses alertaron a las autoridades a trav\u00e9s de los n\u00fameros de emergencia 911 sobre una explosi\u00f3n e incendio al interior de un domicilio ubicado en la Colonia antes se\u00f1alada.<\/p>\n\n\n\n<p class=\"wp-block-paragraph\">Tras el alertamiento, hasta el lugar arribaron como primeros respondientes oficiales de la Polic\u00eda Municipal y Estatal as\u00ed como param\u00e9dicos de la Cruz Roja y personal de Protecci\u00f3n Civil municipal, los cuales brindaron las primeras atenciones a la persona lesionada y la trasladaron a un hospital para su atenci\u00f3n m\u00e9dica.<\/p>\n\n\n\n<p class=\"wp-block-paragraph\">Minutos despu\u00e9s al lugar arribaron Bomberos de C\u00f3rdoba, los cuales confirmaron que la explosi\u00f3n obedeci\u00f3 a una fuga y acumulaci\u00f3n de gas LP por una presunta mala instalaci\u00f3n, adem\u00e1s de que controlaron y sofocaron el incendio al interior del inmueble.<\/p>\n\n\n\n<p class=\"wp-block-paragraph\"><strong>A 20 de febrero del 2025, s\u00edguenos en Facebook Reporte272<\/strong><\/p>\n","protected":false},"excerpt":{"rendered":"<p>C\u00f3rdoba, Ver. (Reporte272 \/ Ixio Loaiza).- La explosi\u00f3n por una aparente fuga y acumulaci\u00f3n de gas LP, al interior de un domicilio particular ubicado en la Colonia La Esmeralda, de C\u00f3rdoba, dej\u00f3 como saldo una persona del sexo masculino con quemaduras de segundo y tercer grado, da\u00f1os materiales invaluables y una inmediata movilizaci\u00f3n de diferentes [&hellip;]<\/p>\n","protected":false},"author":2,"featured_media":4049,"comment_status":"open","ping_status":"open","sticky":false,"template":"","format":"standard","meta":{"rop_custom_images_group":[],"rop_custom_messages_group":[],"rop_publish_now":"initial","rop_publish_now_accounts":{"facebook_2001103103558832_108675811699976":""},"rop_publish_now_history":[],"rop_publish_now_status":"pending","footnotes":""},"categories":[9],"tags":[],"class_list":["post-4048","post","type-post","status-publish","format-standard","has-post-thumbnail","hentry","category-policiaca"],"_links":{"self":[{"href":"https:\/\/reporte272.com\/portal\/wp-json\/wp\/v2\/posts\/4048","targetHints":{"allow":["GET"]}}],"collection":[{"href":"https:\/\/reporte272.com\/portal\/wp-json\/wp\/v2\/posts"}],"about":[{"href":"https:\/\/reporte272.com\/portal\/wp-json\/wp\/v2\/types\/post"}],"author":[{"embeddable":true,"href":"https:\/\/reporte272.com\/portal\/wp-json\/wp\/v2\/users\/2"}],"replies":[{"embeddable":true,"href":"https:\/\/reporte272.com\/portal\/wp-json\/wp\/v2\/comments?post=4048"}],"version-history":[{"count":1,"href":"https:\/\/reporte272.com\/portal\/wp-json\/wp\/v2\/posts\/4048\/revisions"}],"predecessor-version":[{"id":4050,"href":"https:\/\/reporte272.com\/portal\/wp-json\/wp\/v2\/posts\/4048\/revisions\/4050"}],"wp:featuredmedia":[{"embeddable":true,"href":"https:\/\/reporte272.com\/portal\/wp-json\/wp\/v2\/media\/4049"}],"wp:attachment":[{"href":"https:\/\/reporte272.com\/portal\/wp-json\/wp\/v2\/media?parent=4048"}],"wp:term":[{"taxonomy":"category","embeddable":true,"href":"https:\/\/reporte272.com\/portal\/wp-json\/wp\/v2\/categories?post=4048"},{"taxonomy":"post_tag","embeddable":true,"href":"https:\/\/reporte272.com\/portal\/wp-json\/wp\/v2\/tags?post=4048"}],"curies":[{"name":"wp","href":"https:\/\/api.w.org\/{rel}","templated":true}]}}