{"id":4063,"date":"2025-02-20T17:27:21","date_gmt":"2025-02-20T17:27:21","guid":{"rendered":"https:\/\/reporte272.com\/portal\/?p=4063"},"modified":"2025-02-20T17:27:22","modified_gmt":"2025-02-20T17:27:22","slug":"localizan-sin-vida-a-adulta-mayor-al-interior-de-su-departamento","status":"publish","type":"post","link":"https:\/\/reporte272.com\/portal\/localizan-sin-vida-a-adulta-mayor-al-interior-de-su-departamento\/","title":{"rendered":"Localizan sin vida a adulta mayor al interior de su departamento"},"content":{"rendered":"\n<p class=\"wp-block-paragraph\"><strong>Orizaba, Ver. (Reporte272 \/ Ixio Loaiza).- <\/strong>Una movilizaci\u00f3n de cuerpos policiales y de autoridades de la Fiscal\u00eda, gener\u00f3 el hallazgo de una mujer de edad adulta sin vida al interior de su departamento ubicado en Calles del Barrio Omiquila, de la Colonia Centro, de Orizaba.<\/p>\n\n\n\n<p class=\"wp-block-paragraph\">Al filo de las 9 de la ma\u00f1ana, una llamada a los n\u00fameros de emergencia 911 alert\u00f3 a las autoridades sobre la presencia de una mujer inconsciente al interior de su departamento asentado en un edificio ubicado sobre la Avenida Oriente 5 esquina Calle Norte 28, de la Colonia Centro.<\/p>\n\n\n\n<p class=\"wp-block-paragraph\">En cuesti\u00f3n de minutos, al lugar arribaron elementos de la Polic\u00eda Municipal y param\u00e9dicos de Protecci\u00f3n Civil, quienes desafortunadamente solo llegaron a confirmar el fallecimiento de la femenina, debido a que ya no contaba con signos vitales.<\/p>\n\n\n\n<p class=\"wp-block-paragraph\">Posteriormente, hasta el edificio de departamentos privados llegaron autoridades de la Fiscal\u00eda de Orizaba con peritos forenses y detectives ministeriales quienes tomaron conocimiento y posteriormente se retiraron del lugar, ya que presumiblemente se trat\u00f3 de una muerte por causas naturales.<\/p>\n\n\n\n<p class=\"wp-block-paragraph\"><strong>A 19 de febrero del 2025, s\u00edguenos en Facebook Reporte272<\/strong><\/p>\n","protected":false},"excerpt":{"rendered":"<p>Orizaba, Ver. (Reporte272 \/ Ixio Loaiza).- Una movilizaci\u00f3n de cuerpos policiales y de autoridades de la Fiscal\u00eda, gener\u00f3 el hallazgo de una mujer de edad adulta sin vida al interior de su departamento ubicado en Calles del Barrio Omiquila, de la Colonia Centro, de Orizaba. Al filo de las 9 de la ma\u00f1ana, una llamada [&hellip;]<\/p>\n","protected":false},"author":2,"featured_media":4064,"comment_status":"open","ping_status":"open","sticky":false,"template":"","format":"standard","meta":{"rop_custom_images_group":[],"rop_custom_messages_group":[],"rop_publish_now":"initial","rop_publish_now_accounts":{"facebook_2001103103558832_108675811699976":""},"rop_publish_now_history":[],"rop_publish_now_status":"pending","footnotes":""},"categories":[9],"tags":[],"class_list":["post-4063","post","type-post","status-publish","format-standard","has-post-thumbnail","hentry","category-policiaca"],"_links":{"self":[{"href":"https:\/\/reporte272.com\/portal\/wp-json\/wp\/v2\/posts\/4063","targetHints":{"allow":["GET"]}}],"collection":[{"href":"https:\/\/reporte272.com\/portal\/wp-json\/wp\/v2\/posts"}],"about":[{"href":"https:\/\/reporte272.com\/portal\/wp-json\/wp\/v2\/types\/post"}],"author":[{"embeddable":true,"href":"https:\/\/reporte272.com\/portal\/wp-json\/wp\/v2\/users\/2"}],"replies":[{"embeddable":true,"href":"https:\/\/reporte272.com\/portal\/wp-json\/wp\/v2\/comments?post=4063"}],"version-history":[{"count":1,"href":"https:\/\/reporte272.com\/portal\/wp-json\/wp\/v2\/posts\/4063\/revisions"}],"predecessor-version":[{"id":4065,"href":"https:\/\/reporte272.com\/portal\/wp-json\/wp\/v2\/posts\/4063\/revisions\/4065"}],"wp:featuredmedia":[{"embeddable":true,"href":"https:\/\/reporte272.com\/portal\/wp-json\/wp\/v2\/media\/4064"}],"wp:attachment":[{"href":"https:\/\/reporte272.com\/portal\/wp-json\/wp\/v2\/media?parent=4063"}],"wp:term":[{"taxonomy":"category","embeddable":true,"href":"https:\/\/reporte272.com\/portal\/wp-json\/wp\/v2\/categories?post=4063"},{"taxonomy":"post_tag","embeddable":true,"href":"https:\/\/reporte272.com\/portal\/wp-json\/wp\/v2\/tags?post=4063"}],"curies":[{"name":"wp","href":"https:\/\/api.w.org\/{rel}","templated":true}]}}