{"id":4066,"date":"2025-02-20T17:58:04","date_gmt":"2025-02-20T17:58:04","guid":{"rendered":"https:\/\/reporte272.com\/portal\/?p=4066"},"modified":"2025-02-20T17:58:05","modified_gmt":"2025-02-20T17:58:05","slug":"detencion-en-flagrancia-de-una-persona-y-aseguramiento-de-dinero-en-efectivo-en-operativo-de-cateo-con-fuerzas-federales-en-acultzingo","status":"publish","type":"post","link":"https:\/\/reporte272.com\/portal\/detencion-en-flagrancia-de-una-persona-y-aseguramiento-de-dinero-en-efectivo-en-operativo-de-cateo-con-fuerzas-federales-en-acultzingo\/","title":{"rendered":"Detenci\u00f3n en flagrancia de una persona y aseguramiento de dinero en efectivo en operativo de cateo con fuerzas federales en Acultzingo"},"content":{"rendered":"\n<p class=\"wp-block-paragraph\">Acultzingo, Ver.-La Fiscal\u00eda General del Estado informa que, Fiscales, Peritos y Polic\u00edas Ministeriales adscritos a la Fiscal\u00eda Regional C\u00f3rdoba, en coordinaci\u00f3n con la Secretar\u00eda de la Defensa Nacional, Secretar\u00eda de Marina, Guardia Nacional y la Secretar\u00eda de Seguridad P\u00fablica Estatal, detuvieron en flagrancia a Luis \u201cN\u201d.<\/p>\n\n\n\n<p class=\"wp-block-paragraph\">Los hechos ocurrieron cuando los elementos policiales llevaban a cabo un cateo autorizado por un juez, en este municipio, donde le fue asegurado dinero en efectivo de diversas denominaciones y cartuchos \u00fatiles de diferentes calibres.<\/p>\n\n\n\n<p class=\"wp-block-paragraph\">Respetando sus derechos humanos y el debido proceso, el detenido ser\u00e1 puesto a disposici\u00f3n de la Fiscal\u00eda General de la Rep\u00fablica, con sede en C\u00f3rdoba, para la responsabilidad que le resulte.<\/p>\n\n\n\n<p class=\"wp-block-paragraph\"><strong>A 20 de febrero del 2025, s\u00edguenos en Facebook Reporte272<\/strong><\/p>\n","protected":false},"excerpt":{"rendered":"<p>Acultzingo, Ver.-La Fiscal\u00eda General del Estado informa que, Fiscales, Peritos y Polic\u00edas Ministeriales adscritos a la Fiscal\u00eda Regional C\u00f3rdoba, en coordinaci\u00f3n con la Secretar\u00eda de la Defensa Nacional, Secretar\u00eda de Marina, Guardia Nacional y la Secretar\u00eda de Seguridad P\u00fablica Estatal, detuvieron en flagrancia a Luis \u201cN\u201d. Los hechos ocurrieron cuando los elementos policiales llevaban a [&hellip;]<\/p>\n","protected":false},"author":2,"featured_media":4067,"comment_status":"open","ping_status":"open","sticky":false,"template":"","format":"standard","meta":{"rop_custom_images_group":[],"rop_custom_messages_group":[],"rop_publish_now":"initial","rop_publish_now_accounts":{"facebook_2001103103558832_108675811699976":""},"rop_publish_now_history":[],"rop_publish_now_status":"pending","footnotes":""},"categories":[9],"tags":[],"class_list":["post-4066","post","type-post","status-publish","format-standard","has-post-thumbnail","hentry","category-policiaca"],"_links":{"self":[{"href":"https:\/\/reporte272.com\/portal\/wp-json\/wp\/v2\/posts\/4066","targetHints":{"allow":["GET"]}}],"collection":[{"href":"https:\/\/reporte272.com\/portal\/wp-json\/wp\/v2\/posts"}],"about":[{"href":"https:\/\/reporte272.com\/portal\/wp-json\/wp\/v2\/types\/post"}],"author":[{"embeddable":true,"href":"https:\/\/reporte272.com\/portal\/wp-json\/wp\/v2\/users\/2"}],"replies":[{"embeddable":true,"href":"https:\/\/reporte272.com\/portal\/wp-json\/wp\/v2\/comments?post=4066"}],"version-history":[{"count":1,"href":"https:\/\/reporte272.com\/portal\/wp-json\/wp\/v2\/posts\/4066\/revisions"}],"predecessor-version":[{"id":4068,"href":"https:\/\/reporte272.com\/portal\/wp-json\/wp\/v2\/posts\/4066\/revisions\/4068"}],"wp:featuredmedia":[{"embeddable":true,"href":"https:\/\/reporte272.com\/portal\/wp-json\/wp\/v2\/media\/4067"}],"wp:attachment":[{"href":"https:\/\/reporte272.com\/portal\/wp-json\/wp\/v2\/media?parent=4066"}],"wp:term":[{"taxonomy":"category","embeddable":true,"href":"https:\/\/reporte272.com\/portal\/wp-json\/wp\/v2\/categories?post=4066"},{"taxonomy":"post_tag","embeddable":true,"href":"https:\/\/reporte272.com\/portal\/wp-json\/wp\/v2\/tags?post=4066"}],"curies":[{"name":"wp","href":"https:\/\/api.w.org\/{rel}","templated":true}]}}