{"id":4070,"date":"2025-02-21T14:51:06","date_gmt":"2025-02-21T14:51:06","guid":{"rendered":"https:\/\/reporte272.com\/portal\/?p=4070"},"modified":"2025-02-21T14:51:07","modified_gmt":"2025-02-21T14:51:07","slug":"ofrece-el-partido-verde-conferencia-magistral-sobre-violencia-de-genero","status":"publish","type":"post","link":"https:\/\/reporte272.com\/portal\/ofrece-el-partido-verde-conferencia-magistral-sobre-violencia-de-genero\/","title":{"rendered":"Ofrece el Partido Verde, conferencia magistral sobre violencia de g\u00e9nero"},"content":{"rendered":"\n<p class=\"wp-block-paragraph\">*Ser\u00e1 el 25 de febrero en Cuautlapan<br>Ixtaczoquitl\u00e1n, Ver.- El Partido Verde en Ixtaczoquitl\u00e1n reafirma su compromiso con la equidad de g\u00e9nero y la construcci\u00f3n de una sociedad m\u00e1s justa, por ello, invita al p\u00fablico en general a la conferencia presencial sobre violencia de g\u00e9nero, evento que se desarrollar\u00e1 en la congregaci\u00f3n de Cuautlapan, municipio de Ixtaczoquitl\u00e1n.<br>El pr\u00f3ximo 25 de febrero se llevar\u00e1 a cabo la conferencia presencial &#8220;Es tiempo de mujeres&#8221;, un evento que abordar\u00e1 temas cruciales como la violencia de g\u00e9nero y la violencia de g\u00e9nero electoral.<br>La cita es en la Casa del Campesino, ubicada en la congregaci\u00f3n de Cuautlapan, en el municipio de Ixtaczoquitl\u00e1n, a partir de las 5 de la tarde.<br>El coordinador municipal del Partido Verde, \u00d3scar Maciel Dorantes expuso que este foro contar\u00e1 con la participaci\u00f3n de la doctora en Derecho, Pilar del Carmen Reyes Camacho, quien funge como titular de la Unidad de G\u00e9nero del PJV.<br>Su presencia garantizar\u00e1 un an\u00e1lisis profundo sobre las problem\u00e1ticas que afectan a las mujeres en distintos \u00e1mbitos, con un enfoque especial en el contexto electoral.<br>El evento es organizado por el Comit\u00e9 Ejecutivo Municipal del Partido Verde en Ixtaczoquitl\u00e1n, que extiende la invitaci\u00f3n a todas las mujeres interesadas en conocer m\u00e1s sobre sus derechos y los mecanismos de protecci\u00f3n ante la violencia de g\u00e9nero. Esta iniciativa busca generar conciencia y empoderar a la ciudadan\u00eda para la prevenci\u00f3n y erradicaci\u00f3n de la violencia contra las mujeres.<br>Uno de los temas centrales ser\u00e1 la violencia de g\u00e9nero electoral, un problema que sigue siendo una barrera para la participaci\u00f3n pol\u00edtica de las mujeres en M\u00e9xico.<br>Durante la conferencia, se analizar\u00e1n ejemplos de c\u00f3mo se manifiesta este tipo de violencia y qu\u00e9 herramientas existen para combatirla desde el \u00e1mbito legal e institucional.<br>El foro tambi\u00e9n permitir\u00e1 a las asistentes expresar sus inquietudes y compartir experiencias, con el objetivo de fortalecer redes de apoyo y generar propuestas para mejorar la seguridad y el acceso a la justicia.<br>Asimismo, se destacar\u00e1 la importancia del papel de las instituciones en la protecci\u00f3n de los derechos de las mujeres.<\/p>\n","protected":false},"excerpt":{"rendered":"<p>*Ser\u00e1 el 25 de febrero en CuautlapanIxtaczoquitl\u00e1n, Ver.- El Partido Verde en Ixtaczoquitl\u00e1n reafirma su compromiso con la equidad de g\u00e9nero y la construcci\u00f3n de una sociedad m\u00e1s justa, por ello, invita al p\u00fablico en general a la conferencia presencial sobre violencia de g\u00e9nero, evento que se desarrollar\u00e1 en la congregaci\u00f3n de Cuautlapan, municipio de [&hellip;]<\/p>\n","protected":false},"author":2,"featured_media":4071,"comment_status":"open","ping_status":"open","sticky":false,"template":"","format":"standard","meta":{"rop_custom_images_group":[],"rop_custom_messages_group":[],"rop_publish_now":"initial","rop_publish_now_accounts":{"facebook_2001103103558832_108675811699976":""},"rop_publish_now_history":[],"rop_publish_now_status":"pending","footnotes":""},"categories":[5],"tags":[],"class_list":["post-4070","post","type-post","status-publish","format-standard","has-post-thumbnail","hentry","category-local"],"_links":{"self":[{"href":"https:\/\/reporte272.com\/portal\/wp-json\/wp\/v2\/posts\/4070","targetHints":{"allow":["GET"]}}],"collection":[{"href":"https:\/\/reporte272.com\/portal\/wp-json\/wp\/v2\/posts"}],"about":[{"href":"https:\/\/reporte272.com\/portal\/wp-json\/wp\/v2\/types\/post"}],"author":[{"embeddable":true,"href":"https:\/\/reporte272.com\/portal\/wp-json\/wp\/v2\/users\/2"}],"replies":[{"embeddable":true,"href":"https:\/\/reporte272.com\/portal\/wp-json\/wp\/v2\/comments?post=4070"}],"version-history":[{"count":1,"href":"https:\/\/reporte272.com\/portal\/wp-json\/wp\/v2\/posts\/4070\/revisions"}],"predecessor-version":[{"id":4072,"href":"https:\/\/reporte272.com\/portal\/wp-json\/wp\/v2\/posts\/4070\/revisions\/4072"}],"wp:featuredmedia":[{"embeddable":true,"href":"https:\/\/reporte272.com\/portal\/wp-json\/wp\/v2\/media\/4071"}],"wp:attachment":[{"href":"https:\/\/reporte272.com\/portal\/wp-json\/wp\/v2\/media?parent=4070"}],"wp:term":[{"taxonomy":"category","embeddable":true,"href":"https:\/\/reporte272.com\/portal\/wp-json\/wp\/v2\/categories?post=4070"},{"taxonomy":"post_tag","embeddable":true,"href":"https:\/\/reporte272.com\/portal\/wp-json\/wp\/v2\/tags?post=4070"}],"curies":[{"name":"wp","href":"https:\/\/api.w.org\/{rel}","templated":true}]}}