{"id":4073,"date":"2025-02-21T15:06:38","date_gmt":"2025-02-21T15:06:38","guid":{"rendered":"https:\/\/reporte272.com\/portal\/?p=4073"},"modified":"2025-02-21T15:06:39","modified_gmt":"2025-02-21T15:06:39","slug":"dan-ultimo-adios-a-el-amigo-de-todos-martin-cabrera-zavaleta","status":"publish","type":"post","link":"https:\/\/reporte272.com\/portal\/dan-ultimo-adios-a-el-amigo-de-todos-martin-cabrera-zavaleta\/","title":{"rendered":"Dan \u00faltimo adi\u00f3s a &#8220;El Amigo de Todos&#8221; Mart\u00edn Cabrera Zavaleta"},"content":{"rendered":"\n<p class=\"wp-block-paragraph\"><strong>Orizaba, Ver. (Reporte272 \/ Ixio Loaiza).-<\/strong> Con una misa de cuerpo presente en la Parroquia de Nuestra Se\u00f1ora del Carmen y con un emotivo homenaje p\u00f3stumo lleno de aplausos y porras en las instalaciones del Centro de Rehabilitaci\u00f3n Integral de Orizaba (CRIO), familiares, amigos y ex colaboradores del ex presidente Municipal de Orizaba, Mart\u00edn Gaudencio Cabrera Zavaleta, le dieron su \u00faltimo adi\u00f3s y lo acompa\u00f1aron hasta su \u00faltima morada en el cementerio municipal Juan de la Luz Enr\u00edquez.<\/p>\n\n\n\n<p class=\"wp-block-paragraph\">Recordar que desde el mi\u00e9rcoles pasado fue velado el cuerpo del ex alcalde orizabe\u00f1o conocido por muchos como: &#8220;el amigo de todos&#8221;, en una conocida funeraria asentada en la Colonia Centro, lugar a donde se dieron cita, empresarios, pol\u00edticos de la regi\u00f3n de Las Altas Monta\u00f1as, representantes de c\u00e1maras empresariales y sindicales, pero sobre todo, ciudadanos orizabe\u00f1os y ex funcionarios municipales que tuvieron participaci\u00f3n en aquella administraci\u00f3n municipal, quienes reconocieron el gran legado que dej\u00f3 Martin Cabrera a la ciudad.<\/p>\n\n\n\n<p class=\"wp-block-paragraph\">El ata\u00fad en color madera con los restos mortales del ex alcalde orizabe\u00f1o, salieron en punto de las 10:40 de la ma\u00f1ana de la funeraria ubicada sobre la Avenida Oriente 6 entre la Sur 9 y 11, para dirigirse a la parroquia del Carmen asentada a escasas tres cuadras del lugar.<\/p>\n\n\n\n<p class=\"wp-block-paragraph\">En la iglesia, el cuerpo ya era esperado por familiares, amigos y conocidos, as\u00ed como por el p\u00e1rroco Rom\u00e1n El\u00edas Oficial Gil, quien dio la bienvenida e inmediatamente inicio la eucarist\u00eda.<\/p>\n\n\n\n<p class=\"wp-block-paragraph\">En la homil\u00eda el sacerdote pidi\u00f3 por el eterno descanso del ex presidente municipal Mart\u00edn Gaudencio Cabrera Zavaleta, as\u00ed como por la pronta resignaci\u00f3n de su familia por esta irreparable p\u00e9rdida.<br>Una vez que concluy\u00f3 la misa de cuerpo presente, el cuerpo de Cabrera Zavaleta fue ingresado a la carroza y trasladado hasta las instalaciones del Centro de Rehabilitaci\u00f3n Integral de Orizaba (CRIO), d\u00f3nde se le realiz\u00f3 un homenaje p\u00f3stumo.<\/p>\n\n\n\n<p class=\"wp-block-paragraph\">Cabe mencionar que, el CRIO fue la obra social m\u00e1s importante y de mayor trascendencia en Orizaba y la regi\u00f3n de Las Altas Monta\u00f1as, ya que no exist\u00eda ning\u00fan centro de rehabilitaci\u00f3n para personas con discapacidad.<\/p>\n\n\n\n<p class=\"wp-block-paragraph\">&#8220;Sin lugar a dudas esta obra social de mayor trascendencia es el Centro de Rehabilitaci\u00f3n Integral de Orizaba (CRIO), el cual atiende a 50 mil personas anualmente y que en 20 a\u00f1os de existencia suman un mill\u00f3n de personas que han sido atendidas y se les ha mejorado su calidad de vida&#8221;, explic\u00f3 la directora de dicho centro ubicado sobre la Avenida Cri Cri.<\/p>\n\n\n\n<p class=\"wp-block-paragraph\">La comunicadora, Ada Marcela Gonz\u00e1lez fue la encargada de dar una peque\u00f1a rese\u00f1a de su curr\u00edculum destacando entre otras cosas, se desempe\u00f1\u00f3 como coordinador general de Gobernaci\u00f3n, fue presidente del Partido Revolucionario Institucional en Orizaba adem\u00e1s de Presidente Constitucional de Orizaba en el periodo 2001 2004, e invito a varias empresas a instalarse en la ciudad, se instalaron tres bibliotecas municipales.<\/p>\n\n\n\n<p class=\"wp-block-paragraph\">Como presidente municipal hizo el saneamiento del r\u00edo Orizaba, el acueducto #NogalesVeracruz &#8211; Orizaba y fue pieza importante para atraer recursos y la instalaci\u00f3n del CRIO, &#8220;su legado es m\u00e1s grande, un hombre humanista que siempre apoy\u00f3 a quienes menos pensamos: el amigo de todos&#8221;.<br>Por ultimo, la hija de Mart\u00edn Cabrera hizo uso del micr\u00f3fono, quien con voz entrecortada agradeci\u00f3 el cari\u00f1o demostrado hacia su pap\u00e1, quien deja un legado que se convierte hoy en leyenda ya que Mart\u00edn Cabrera fue el &#8216;amigo de todos&#8221;.<br>&#8220;Como padre el mejor, como ser humano tuvo sus claros y oscuros pero sin lugar a dudas nos llevamos cada uno de los que estamos aqu\u00ed el recuerdo y la an\u00e9cdota de lo que vivimos con Mart\u00edn Cabrera esa figura controversial pero con esa calidez que tuvo contigo con los m\u00e1s necesitados estando siempre ah\u00ed.<br>Gracias pap\u00e1 te llevamos en lo m\u00e1s profundo de nuestro coraz\u00f3n, tu p\u00e9rdida es inigualable pero vamos a salir, gracias mam\u00e1 porque hasta el \u00faltimo instante hasta el \u00faltimo suspiro de mi padre estuviste presente, Gracias mamita nuestro compromiso como hijos de salvaguardar tu estabilidad emocional&#8221;, dando as\u00ed paso a una lluvia de aplausos y lagrimas.<br>M\u00e1s tarde, el cortejo f\u00fanebre realiz\u00f3 un recorrido por la Avenida Cri Cri, hasta llegar a la Oriente 6 o Calle Real para trasladarse al Pante\u00f3n Municipal Juan de la Luz Enr\u00edquez, siendo acompa\u00f1ado por los mariachis, los cuales en todo momento entonaron la canci\u00f3n de &#8220;Amigo&#8221;.<br>Finalmente, Mart\u00edn Gaudencio Cabrera Zavaleta recibi\u00f3 sagrada sepultura en el cementerio de la Ciudad en donde descansar\u00e1n sus restos por la eternidad.<\/p>\n\n\n\n<p class=\"wp-block-paragraph\"><strong>A 20 de febrero de 2025, s\u00edguenos en Facebook Reporte272<\/strong><\/p>\n\n\n\n<p class=\"wp-block-paragraph\"><\/p>\n","protected":false},"excerpt":{"rendered":"<p>Orizaba, Ver. (Reporte272 \/ Ixio Loaiza).- Con una misa de cuerpo presente en la Parroquia de Nuestra Se\u00f1ora del Carmen y con un emotivo homenaje p\u00f3stumo lleno de aplausos y porras en las instalaciones del Centro de Rehabilitaci\u00f3n Integral de Orizaba (CRIO), familiares, amigos y ex colaboradores del ex presidente Municipal de Orizaba, Mart\u00edn Gaudencio [&hellip;]<\/p>\n","protected":false},"author":2,"featured_media":4074,"comment_status":"open","ping_status":"open","sticky":false,"template":"","format":"standard","meta":{"rop_custom_images_group":[],"rop_custom_messages_group":[],"rop_publish_now":"initial","rop_publish_now_accounts":{"facebook_2001103103558832_108675811699976":""},"rop_publish_now_history":[],"rop_publish_now_status":"pending","footnotes":""},"categories":[5,10],"tags":[],"class_list":["post-4073","post","type-post","status-publish","format-standard","has-post-thumbnail","hentry","category-local","category-portada"],"_links":{"self":[{"href":"https:\/\/reporte272.com\/portal\/wp-json\/wp\/v2\/posts\/4073","targetHints":{"allow":["GET"]}}],"collection":[{"href":"https:\/\/reporte272.com\/portal\/wp-json\/wp\/v2\/posts"}],"about":[{"href":"https:\/\/reporte272.com\/portal\/wp-json\/wp\/v2\/types\/post"}],"author":[{"embeddable":true,"href":"https:\/\/reporte272.com\/portal\/wp-json\/wp\/v2\/users\/2"}],"replies":[{"embeddable":true,"href":"https:\/\/reporte272.com\/portal\/wp-json\/wp\/v2\/comments?post=4073"}],"version-history":[{"count":1,"href":"https:\/\/reporte272.com\/portal\/wp-json\/wp\/v2\/posts\/4073\/revisions"}],"predecessor-version":[{"id":4075,"href":"https:\/\/reporte272.com\/portal\/wp-json\/wp\/v2\/posts\/4073\/revisions\/4075"}],"wp:featuredmedia":[{"embeddable":true,"href":"https:\/\/reporte272.com\/portal\/wp-json\/wp\/v2\/media\/4074"}],"wp:attachment":[{"href":"https:\/\/reporte272.com\/portal\/wp-json\/wp\/v2\/media?parent=4073"}],"wp:term":[{"taxonomy":"category","embeddable":true,"href":"https:\/\/reporte272.com\/portal\/wp-json\/wp\/v2\/categories?post=4073"},{"taxonomy":"post_tag","embeddable":true,"href":"https:\/\/reporte272.com\/portal\/wp-json\/wp\/v2\/tags?post=4073"}],"curies":[{"name":"wp","href":"https:\/\/api.w.org\/{rel}","templated":true}]}}