{"id":4088,"date":"2025-02-23T23:05:48","date_gmt":"2025-02-23T23:05:48","guid":{"rendered":"https:\/\/reporte272.com\/portal\/?p=4088"},"modified":"2025-02-23T23:38:41","modified_gmt":"2025-02-23T23:38:41","slug":"se-lleva-a-un-tazo-dorado-en-cordoba","status":"publish","type":"post","link":"https:\/\/reporte272.com\/portal\/se-lleva-a-un-tazo-dorado-en-cordoba\/","title":{"rendered":"Se llevan a un &#8220;tazo dorado&#8221;, en C\u00f3rdoba"},"content":{"rendered":"\n<p class=\"wp-block-paragraph\"><strong>C\u00f3rdoba, Ver.- <\/strong>La intervenci\u00f3n de un hombre con aparentes problemas de alcoholismo por parte de integrantes de un Centro de Rehabilitaci\u00f3n, gener\u00f3 gran expectaci\u00f3n y asombro entre los ciudadanos y automovilistas de C\u00f3rdoba, pues lleg\u00f3 a especularse que se trataba de una presunta privaci\u00f3n ilegal de la Libertad a plena luz del d\u00eda en calles de la Colonia Centro, del municipio cordob\u00e9s.<\/p>\n\n\n\n<p class=\"wp-block-paragraph\">En punto de las 10 de la ma\u00f1ana se evidenci\u00f3 a trav\u00e9s de redes sociales un clip de video de tan solo 14 segundos, en d\u00f3nde se observa como cinco hombres con vestimenta de civil y gafetes, someten a un joven hombre y, a empujones, lo suben a una camioneta de color gris tipo pickup, de doble cabina con batea y modelo reciente, mientras El joven hombre ped\u00eda ayuda a gritos.<\/p>\n\n\n\n<p class=\"wp-block-paragraph\">Una vez que se dio a conocer el video, hasta el lugar ubicado sobre la avenida 5 y calle 8 de la Colonia Centro, acudieron autoridades de la Polic\u00eda Municipal, Estatal y de la Marina Armada de M\u00e9xico, quienes tomaron conocimiento de lo acontecido y confirmaron que el Grupo de Rehabilitaci\u00f3n &#8220;La Casa de Dios&#8221;, hab\u00eda intervenido al joven hombre que aparentemente enfrenta problemas de alcoholismo y drogadicci\u00f3n.<\/p>\n","protected":false},"excerpt":{"rendered":"<p>C\u00f3rdoba, Ver.- La intervenci\u00f3n de un hombre con aparentes problemas de alcoholismo por parte de integrantes de un Centro de Rehabilitaci\u00f3n, gener\u00f3 gran expectaci\u00f3n y asombro entre los ciudadanos y automovilistas de C\u00f3rdoba, pues lleg\u00f3 a especularse que se trataba de una presunta privaci\u00f3n ilegal de la Libertad a plena luz del d\u00eda en calles [&hellip;]<\/p>\n","protected":false},"author":2,"featured_media":4089,"comment_status":"open","ping_status":"open","sticky":false,"template":"","format":"standard","meta":{"rop_custom_images_group":[],"rop_custom_messages_group":[],"rop_publish_now":"initial","rop_publish_now_accounts":{"facebook_2001103103558832_108675811699976":""},"rop_publish_now_history":[],"rop_publish_now_status":"pending","footnotes":""},"categories":[6,9],"tags":[],"class_list":["post-4088","post","type-post","status-publish","format-standard","has-post-thumbnail","hentry","category-estatal","category-policiaca"],"_links":{"self":[{"href":"https:\/\/reporte272.com\/portal\/wp-json\/wp\/v2\/posts\/4088","targetHints":{"allow":["GET"]}}],"collection":[{"href":"https:\/\/reporte272.com\/portal\/wp-json\/wp\/v2\/posts"}],"about":[{"href":"https:\/\/reporte272.com\/portal\/wp-json\/wp\/v2\/types\/post"}],"author":[{"embeddable":true,"href":"https:\/\/reporte272.com\/portal\/wp-json\/wp\/v2\/users\/2"}],"replies":[{"embeddable":true,"href":"https:\/\/reporte272.com\/portal\/wp-json\/wp\/v2\/comments?post=4088"}],"version-history":[{"count":2,"href":"https:\/\/reporte272.com\/portal\/wp-json\/wp\/v2\/posts\/4088\/revisions"}],"predecessor-version":[{"id":4095,"href":"https:\/\/reporte272.com\/portal\/wp-json\/wp\/v2\/posts\/4088\/revisions\/4095"}],"wp:featuredmedia":[{"embeddable":true,"href":"https:\/\/reporte272.com\/portal\/wp-json\/wp\/v2\/media\/4089"}],"wp:attachment":[{"href":"https:\/\/reporte272.com\/portal\/wp-json\/wp\/v2\/media?parent=4088"}],"wp:term":[{"taxonomy":"category","embeddable":true,"href":"https:\/\/reporte272.com\/portal\/wp-json\/wp\/v2\/categories?post=4088"},{"taxonomy":"post_tag","embeddable":true,"href":"https:\/\/reporte272.com\/portal\/wp-json\/wp\/v2\/tags?post=4088"}],"curies":[{"name":"wp","href":"https:\/\/api.w.org\/{rel}","templated":true}]}}