{"id":4091,"date":"2025-02-23T23:12:04","date_gmt":"2025-02-23T23:12:04","guid":{"rendered":"https:\/\/reporte272.com\/portal\/?p=4091"},"modified":"2025-02-23T23:12:05","modified_gmt":"2025-02-23T23:12:05","slug":"chocan-de-frente-en-la-carretera-federal-125-fortin-huatusco","status":"publish","type":"post","link":"https:\/\/reporte272.com\/portal\/chocan-de-frente-en-la-carretera-federal-125-fortin-huatusco\/","title":{"rendered":"Chocan de frente en la carretera federal 125 Fort\u00edn &#8211; Huatusco"},"content":{"rendered":"\n<p class=\"wp-block-paragraph\"><strong>Coscomatepec, Ver. (Reporte272).-<\/strong> Un aparatoso choque frontal entre dos camionetas particulares sobre la Carretera Federal 125 Fort\u00edn- Huatusco, dej\u00f3 un saldo de dos personas lesionadas, da\u00f1os materiales y el cierre parcial de la circulaci\u00f3n vehicular a la altura de Cruz Verde, en el municipio de Coscomatepec de Bravo.<\/p>\n\n\n\n<p class=\"wp-block-paragraph\">El accidente se suscit\u00f3 este domingo en el tramo carretero Chocam\u00e1n- Huatusco, cuando la camioneta marca Dodge Chrysler Gran Caravan de color negro, conducida por un masculino originario de Chocam\u00e1n -presuntamente en estado et\u00edlico-, intent\u00f3 rebasar y choco de manera frontal a la camioneta marca Dodge Ram de una tonelada, de color rojo y con placas del Estado de Puebla: SM74404, que era tripulada por tres comerciantes del Estado de Puebla que se dirig\u00edan a comercializar sus productos al municipio de Huatusco.<\/p>\n\n\n\n<p class=\"wp-block-paragraph\">Al sitio llegaron elementos de la Polic\u00eda Municipal y param\u00e9dicos de la Cruz Roja Delegaci\u00f3n Huatusco, como de Protecci\u00f3n Civil y Bomberos Municipales de Coscomatepec, los cuales brindaron las primeras atenciones a los comerciantes lesionados y los trasladaron a un hospital para su atenci\u00f3n m\u00e9dica.<\/p>\n\n\n\n<p class=\"wp-block-paragraph\">El conductor y presunto responsable del accidente fue intervenido por las autoridades policiales y trasladado a las instalaciones de la Comandancia Municipal y ser\u00eda puesto a disposici\u00f3n de las autoridades correspondientes para los delitos que le resulten.<\/p>\n\n\n\n<p class=\"wp-block-paragraph\"><strong>A 23 de febrero de 2025, s\u00edguenos en Facebook Reporte272<\/strong><\/p>\n","protected":false},"excerpt":{"rendered":"<p>Coscomatepec, Ver. (Reporte272).- Un aparatoso choque frontal entre dos camionetas particulares sobre la Carretera Federal 125 Fort\u00edn- Huatusco, dej\u00f3 un saldo de dos personas lesionadas, da\u00f1os materiales y el cierre parcial de la circulaci\u00f3n vehicular a la altura de Cruz Verde, en el municipio de Coscomatepec de Bravo. El accidente se suscit\u00f3 este domingo en [&hellip;]<\/p>\n","protected":false},"author":2,"featured_media":4092,"comment_status":"open","ping_status":"open","sticky":false,"template":"","format":"standard","meta":{"rop_custom_images_group":[],"rop_custom_messages_group":[],"rop_publish_now":"initial","rop_publish_now_accounts":{"facebook_2001103103558832_108675811699976":""},"rop_publish_now_history":[],"rop_publish_now_status":"pending","footnotes":""},"categories":[9],"tags":[],"class_list":["post-4091","post","type-post","status-publish","format-standard","has-post-thumbnail","hentry","category-policiaca"],"_links":{"self":[{"href":"https:\/\/reporte272.com\/portal\/wp-json\/wp\/v2\/posts\/4091","targetHints":{"allow":["GET"]}}],"collection":[{"href":"https:\/\/reporte272.com\/portal\/wp-json\/wp\/v2\/posts"}],"about":[{"href":"https:\/\/reporte272.com\/portal\/wp-json\/wp\/v2\/types\/post"}],"author":[{"embeddable":true,"href":"https:\/\/reporte272.com\/portal\/wp-json\/wp\/v2\/users\/2"}],"replies":[{"embeddable":true,"href":"https:\/\/reporte272.com\/portal\/wp-json\/wp\/v2\/comments?post=4091"}],"version-history":[{"count":1,"href":"https:\/\/reporte272.com\/portal\/wp-json\/wp\/v2\/posts\/4091\/revisions"}],"predecessor-version":[{"id":4093,"href":"https:\/\/reporte272.com\/portal\/wp-json\/wp\/v2\/posts\/4091\/revisions\/4093"}],"wp:featuredmedia":[{"embeddable":true,"href":"https:\/\/reporte272.com\/portal\/wp-json\/wp\/v2\/media\/4092"}],"wp:attachment":[{"href":"https:\/\/reporte272.com\/portal\/wp-json\/wp\/v2\/media?parent=4091"}],"wp:term":[{"taxonomy":"category","embeddable":true,"href":"https:\/\/reporte272.com\/portal\/wp-json\/wp\/v2\/categories?post=4091"},{"taxonomy":"post_tag","embeddable":true,"href":"https:\/\/reporte272.com\/portal\/wp-json\/wp\/v2\/tags?post=4091"}],"curies":[{"name":"wp","href":"https:\/\/api.w.org\/{rel}","templated":true}]}}