{"id":4096,"date":"2025-02-24T00:21:32","date_gmt":"2025-02-24T00:21:32","guid":{"rendered":"https:\/\/reporte272.com\/portal\/?p=4096"},"modified":"2025-02-24T00:21:33","modified_gmt":"2025-02-24T00:21:33","slug":"piden-justicia-para-samir-activista-ases1nado-en-2019","status":"publish","type":"post","link":"https:\/\/reporte272.com\/portal\/piden-justicia-para-samir-activista-ases1nado-en-2019\/","title":{"rendered":"Piden justicia para Samir, activista ases1nado en 2019"},"content":{"rendered":"\n<p class=\"wp-block-paragraph\"><strong>Orizaba, Ver. (Reporte272 \/ Ixio Loaiza).-<\/strong> Ante la exigencia de justicia por el asesinato del activista ind\u00edgena de Morelos, Samir Flores Soberanes, y que principalmente no quede impune, integrantes de Congreso Nacional Ind\u00edgena- Concejo Ind\u00edgena de Gobierno (CNI-CIG), \u00e9ste domingo hicieron visible su demanda realizando una protesta pac\u00edfica en el Parque Apolinar Castillo, de Orizaba.<\/p>\n\n\n\n<p class=\"wp-block-paragraph\">Luz Mar\u00eda Reyes Huerta, integrante de CNI-CIG, record\u00f3 que el 20 de febrero se conmemor\u00f3 el sexto aniversario del ases1nato de Samir Flores Soberanes, campesino, compa\u00f1ero, esposo, padre, comunicador popular, activista y defensor del agua, territorio y derechos humanos.<\/p>\n\n\n\n<p class=\"wp-block-paragraph\">&#8220;Desde d\u00edas pasados el Consejo Nacional ind\u00edgena ha convocado hacer una jornada de exigencia por Samir quien muriera hace 6 a\u00f1os; conmemoramos la muerte y una exigencia de justicia para que no contin\u00fae impune este crimen de estado que desgraciadamente as\u00ed ha ocurrido y hoy es una exigencia de la justicia por salir y no m\u00e1s impunidad en este crimen&#8221;.<\/p>\n\n\n\n<p class=\"wp-block-paragraph\">Su muerte fue considerada como un crimen de Estado, porque se opon\u00eda al Proyecto Integral Morelos que incluye <strong>gasoducto<\/strong>, acueducto y 2 <strong>plataformas termoel\u00e9ctricas.<\/strong><\/p>\n\n\n\n<p class=\"wp-block-paragraph\">&#8220;Se trastocaron bastantes intereses econ\u00f3micos y Pues dentro de esta gente afectada obviamente privaron de la vida a Samir (\u2026) sin duda el Estado es el que tiene la obligaci\u00f3n de investigar y sancionar este crimen y pues a los responsables materiales e intelectuales porque sin duda debe de haber responsables intelectuales y materiales&#8221;.<\/p>\n\n\n\n<p class=\"wp-block-paragraph\">Aun y cuando se supone que existe una carpeta de investigaci\u00f3n abierta no hay resultado alguno por lo que las consecuencias siguen siendo la impunidad que sigue permeando, as\u00ed como el de muchas y muchos otros defensores del territorio en este pa\u00eds, &#8220;por la vida de todos ellos y ellas pedimos justicia&#8221;.<\/p>\n\n\n\n<p class=\"wp-block-paragraph\"><strong>A 23 de febrero de 2025, S\u00edguenos en Facebook Reporte272<\/strong><\/p>\n\n\n\n<p class=\"wp-block-paragraph\"><\/p>\n","protected":false},"excerpt":{"rendered":"<p>Orizaba, Ver. (Reporte272 \/ Ixio Loaiza).- Ante la exigencia de justicia por el asesinato del activista ind\u00edgena de Morelos, Samir Flores Soberanes, y que principalmente no quede impune, integrantes de Congreso Nacional Ind\u00edgena- Concejo Ind\u00edgena de Gobierno (CNI-CIG), \u00e9ste domingo hicieron visible su demanda realizando una protesta pac\u00edfica en el Parque Apolinar Castillo, de Orizaba. [&hellip;]<\/p>\n","protected":false},"author":2,"featured_media":4097,"comment_status":"open","ping_status":"open","sticky":false,"template":"","format":"standard","meta":{"rop_custom_images_group":[],"rop_custom_messages_group":[],"rop_publish_now":"initial","rop_publish_now_accounts":{"facebook_2001103103558832_108675811699976":""},"rop_publish_now_history":[],"rop_publish_now_status":"pending","footnotes":""},"categories":[5,10],"tags":[],"class_list":["post-4096","post","type-post","status-publish","format-standard","has-post-thumbnail","hentry","category-local","category-portada"],"_links":{"self":[{"href":"https:\/\/reporte272.com\/portal\/wp-json\/wp\/v2\/posts\/4096","targetHints":{"allow":["GET"]}}],"collection":[{"href":"https:\/\/reporte272.com\/portal\/wp-json\/wp\/v2\/posts"}],"about":[{"href":"https:\/\/reporte272.com\/portal\/wp-json\/wp\/v2\/types\/post"}],"author":[{"embeddable":true,"href":"https:\/\/reporte272.com\/portal\/wp-json\/wp\/v2\/users\/2"}],"replies":[{"embeddable":true,"href":"https:\/\/reporte272.com\/portal\/wp-json\/wp\/v2\/comments?post=4096"}],"version-history":[{"count":1,"href":"https:\/\/reporte272.com\/portal\/wp-json\/wp\/v2\/posts\/4096\/revisions"}],"predecessor-version":[{"id":4098,"href":"https:\/\/reporte272.com\/portal\/wp-json\/wp\/v2\/posts\/4096\/revisions\/4098"}],"wp:featuredmedia":[{"embeddable":true,"href":"https:\/\/reporte272.com\/portal\/wp-json\/wp\/v2\/media\/4097"}],"wp:attachment":[{"href":"https:\/\/reporte272.com\/portal\/wp-json\/wp\/v2\/media?parent=4096"}],"wp:term":[{"taxonomy":"category","embeddable":true,"href":"https:\/\/reporte272.com\/portal\/wp-json\/wp\/v2\/categories?post=4096"},{"taxonomy":"post_tag","embeddable":true,"href":"https:\/\/reporte272.com\/portal\/wp-json\/wp\/v2\/tags?post=4096"}],"curies":[{"name":"wp","href":"https:\/\/api.w.org\/{rel}","templated":true}]}}