{"id":4099,"date":"2025-02-24T03:04:41","date_gmt":"2025-02-24T03:04:41","guid":{"rendered":"https:\/\/reporte272.com\/portal\/?p=4099"},"modified":"2025-02-24T03:18:14","modified_gmt":"2025-02-24T03:18:14","slug":"las-pensiones-y-programas-de-bienestar-nacen-de-los-sentimientos-del-mexico-profundo-ariadna-montiel","status":"publish","type":"post","link":"https:\/\/reporte272.com\/portal\/las-pensiones-y-programas-de-bienestar-nacen-de-los-sentimientos-del-mexico-profundo-ariadna-montiel\/","title":{"rendered":"Las Pensiones y programas de Bienestar nacen de los sentimientos del M\u00e9xico profundo: Ariadna Montiel"},"content":{"rendered":"\n<p class=\"wp-block-paragraph\">**Nuestra Transformaci\u00f3n es pac\u00edfica porque hemos construido hoy, derechos para el pueblo de M\u00e9xico, se\u00f1ala la secretaria de Bienestar<\/p>\n\n\n\n<p class=\"wp-block-paragraph\">Mapim\u00ed, Durango, 23 de febrero de 2025. &#8211; En el poblado de Bermejillo, municipio de Mapim\u00ed, Durango, la secretaria de Bienestar, Ariadna Montiel Reyes, se\u00f1al\u00f3 que los Programas para el Bienestar contin\u00faan, se fortalecen y son derechos que resguarda la Constituci\u00f3n.<\/p>\n\n\n\n<p class=\"wp-block-paragraph\">\u201cCuando nuestra Presidenta se comprometi\u00f3 a construir el Segundo Piso de la Transformaci\u00f3n, significaba que los Programas de Bienestar continuar\u00edan, pero tambi\u00e9n que se van a fortalecer y habr\u00e1n nuevos programas\u201d, se\u00f1al\u00f3 la secretaria Montiel Reyes, luego de que el gobernador de Durango, Esteban Villegas Villarreal, se comprometi\u00f3 a firmar, este mes, con el Gobierno de M\u00e9xico, el convenio de Universalidad para las Personas con Discapacidad.<\/p>\n\n\n\n<p class=\"wp-block-paragraph\">Al concluir la gira de trabajo de este fin de semana por los municipios de Pueblo Nuevo, Guadalupe Victoria y Mapim\u00ed, Durango, junto con la Presidenta de M\u00e9xico, Claudia Sheinbaum Pardo, el gobernador de Durango, Esteban Villegas Villarreal; y el gobernador de Coahuila, Manolo Jim\u00e9nez Salinas, se\u00f1al\u00f3 que por instrucci\u00f3n de la Jefa del Ejecutivo Federal se crearon tres nuevos programas: la Pensi\u00f3n Mujeres Bienestar, Salud Casa por Casa y la Beca \u201cRita Cetina Guti\u00e9rrez\u201d.<\/p>\n\n\n\n<p class=\"wp-block-paragraph\">\u201cNuestra Presidenta se comprometi\u00f3 a que estos nuevos programas van a alcanzar la universalidad, pronto, vamos a registrar a las mujeres de 60 a\u00f1os, este programa, reconoce el esfuerzo de todas las mujeres que lo hemos hecho a lo largo de la vida, pero las adultas mayores son quienes merecen este reconocimiento porque han dado su vida en favor de sus familias y las comunidades\u201d, abund\u00f3.<\/p>\n\n\n\n<p class=\"wp-block-paragraph\">La Pensi\u00f3n Mujeres Bienestar, reconoce toda una vida de trabajo de las mujeres de 63 y 64 a\u00f1os, por lo que aquellas mexicanas que ya recibieron su tarjeta, se les realiz\u00f3 su primer dep\u00f3sito de 3 mil pesos bimestrales de manera directa y sin intermediarios a trav\u00e9s del Banco del Bienestar.<\/p>\n\n\n\n<p class=\"wp-block-paragraph\">Montiel Reyes agreg\u00f3 que por instrucci\u00f3n de la Presidenta Claudia Sheinbaum, se implementa el programa Salud Casa por Casa, que otorgar\u00e1 atenci\u00f3n m\u00e9dica gratuita a 13.6 millones de derechohabientes de las Pensiones para el Bienestar de las Personas Adultas Mayores y con Discapacidad.<\/p>\n\n\n\n<p class=\"wp-block-paragraph\">Agreg\u00f3 que, el Censo Salud y Bienestar contin\u00faa y a la fecha 6.6 millones de adultos mayores y personas con discapacidad han sido visitados. Asimismo, se\u00f1al\u00f3 que se implementa la beca universal \u201cRita Cetina Guti\u00e9rrez\u201d para estudiantes de educaci\u00f3n b\u00e1sica.<\/p>\n\n\n\n<p class=\"wp-block-paragraph\">\u201cNuestra Transformaci\u00f3n es pac\u00edfica porque hemos construido hoy, derechos para el pueblo de M\u00e9xico, los Programas de Bienestar llegaron para quedarse por eso se inscribieron en la Constituci\u00f3n, y debemos sentirnos todos orgullosos porque es un logro de todos, es un logro del pueblo de M\u00e9xico que ha decidido seguir caminando por la Transformaci\u00f3n\u201d, agreg\u00f3.<\/p>\n","protected":false},"excerpt":{"rendered":"<p>**Nuestra Transformaci\u00f3n es pac\u00edfica porque hemos construido hoy, derechos para el pueblo de M\u00e9xico, se\u00f1ala la secretaria de Bienestar Mapim\u00ed, Durango, 23 de febrero de 2025. &#8211; En el poblado de Bermejillo, municipio de Mapim\u00ed, Durango, la secretaria de Bienestar, Ariadna Montiel Reyes, se\u00f1al\u00f3 que los Programas para el Bienestar contin\u00faan, se fortalecen y son [&hellip;]<\/p>\n","protected":false},"author":2,"featured_media":4100,"comment_status":"open","ping_status":"open","sticky":false,"template":"","format":"standard","meta":{"rop_custom_images_group":[],"rop_custom_messages_group":[],"rop_publish_now":"initial","rop_publish_now_accounts":{"facebook_2001103103558832_108675811699976":""},"rop_publish_now_history":[],"rop_publish_now_status":"pending","footnotes":""},"categories":[7],"tags":[],"class_list":["post-4099","post","type-post","status-publish","format-standard","has-post-thumbnail","hentry","category-nacional"],"_links":{"self":[{"href":"https:\/\/reporte272.com\/portal\/wp-json\/wp\/v2\/posts\/4099","targetHints":{"allow":["GET"]}}],"collection":[{"href":"https:\/\/reporte272.com\/portal\/wp-json\/wp\/v2\/posts"}],"about":[{"href":"https:\/\/reporte272.com\/portal\/wp-json\/wp\/v2\/types\/post"}],"author":[{"embeddable":true,"href":"https:\/\/reporte272.com\/portal\/wp-json\/wp\/v2\/users\/2"}],"replies":[{"embeddable":true,"href":"https:\/\/reporte272.com\/portal\/wp-json\/wp\/v2\/comments?post=4099"}],"version-history":[{"count":2,"href":"https:\/\/reporte272.com\/portal\/wp-json\/wp\/v2\/posts\/4099\/revisions"}],"predecessor-version":[{"id":4102,"href":"https:\/\/reporte272.com\/portal\/wp-json\/wp\/v2\/posts\/4099\/revisions\/4102"}],"wp:featuredmedia":[{"embeddable":true,"href":"https:\/\/reporte272.com\/portal\/wp-json\/wp\/v2\/media\/4100"}],"wp:attachment":[{"href":"https:\/\/reporte272.com\/portal\/wp-json\/wp\/v2\/media?parent=4099"}],"wp:term":[{"taxonomy":"category","embeddable":true,"href":"https:\/\/reporte272.com\/portal\/wp-json\/wp\/v2\/categories?post=4099"},{"taxonomy":"post_tag","embeddable":true,"href":"https:\/\/reporte272.com\/portal\/wp-json\/wp\/v2\/tags?post=4099"}],"curies":[{"name":"wp","href":"https:\/\/api.w.org\/{rel}","templated":true}]}}