{"id":4103,"date":"2025-02-24T16:08:20","date_gmt":"2025-02-24T16:08:20","guid":{"rendered":"https:\/\/reporte272.com\/portal\/?p=4103"},"modified":"2025-02-24T16:08:21","modified_gmt":"2025-02-24T16:08:21","slug":"transportistas-de-veracruz-buscan-frenar-abusos-y-mejorar-condiciones-de-trabajo","status":"publish","type":"post","link":"https:\/\/reporte272.com\/portal\/transportistas-de-veracruz-buscan-frenar-abusos-y-mejorar-condiciones-de-trabajo\/","title":{"rendered":"Transportistas de Veracruz buscan frenar abusos y mejorar condiciones de trabajo"},"content":{"rendered":"\n<p class=\"wp-block-paragraph\"><strong>Ixtaczoquitl\u00e1n, Ver. (Reporte272\/Miguel Hern\u00e1ndez).- <\/strong>Con el prop\u00f3sito de fortalecer las condiciones de trabajo del sector transportista en Veracruz, representantes de la Alianza Mexicana de Organizaci\u00f3n de Transportistas A.C. (AMOTAC) sostuvieron una reuni\u00f3n con autoridades estatales en la capital del estado.<\/p>\n\n\n\n<p class=\"wp-block-paragraph\">Durante el encuentro, encabezado por el l\u00edder nacional de AMOTAC, Carlos Garc\u00eda \u00c1lvarez, y el delegado estatal, Valent\u00edn Romero Trujillo, los transportistas expusieron diversas problem\u00e1ticas que afectan su labor diaria, incluyendo presuntos abusos por parte de elementos de tr\u00e1nsito municipal y estatal, as\u00ed como cobros adicionales que consideran injustificados.<\/p>\n\n\n\n<p class=\"wp-block-paragraph\">\u201cFue una reuni\u00f3n en la que recibimos apertura y disposici\u00f3n de las autoridades para atender nuestras inquietudes. El transporte es fundamental para el abasto de productos esenciales, y es necesario eliminar pr\u00e1cticas que dificultan nuestra labor\u201d, expres\u00f3 Garc\u00eda \u00c1lvarez tras el encuentro con el secretario de Seguridad P\u00fablica, contraalmirante Alfonso Reyes Garc\u00e9s; el director de Transporte del Estado, Luis Manuel Galicia Casta\u00f1\u00f3n, y el representante del secretario de Gobierno, Oliver Aguilar Yunes.<\/p>\n\n\n\n<p class=\"wp-block-paragraph\">Uno de los principales planteamientos de AMOTAC fue la eliminaci\u00f3n del cobro de permisos de carga para el ingreso a las ciudades. \u201cNo es justo que se nos exijan pagos extra cuando solo cumplimos con nuestro trabajo de abastecimiento\u201d, subray\u00f3 el dirigente.<\/p>\n\n\n\n<p class=\"wp-block-paragraph\">Asimismo, Romero Trujillo destac\u00f3 la necesidad de permitir el acceso de las unidades de transporte durante el d\u00eda. \u201cSe nos limita la circulaci\u00f3n a la madrugada, pero muchos de los negocios a los que abastecemos no operan en ese horario. Proponemos respetar los horarios de mayor tr\u00e1fico y las entradas y salidas escolares para evitar afectaciones\u201d, indic\u00f3.<\/p>\n\n\n\n<p class=\"wp-block-paragraph\">Como resultado de la reuni\u00f3n, se acord\u00f3 establecer mesas de trabajo en las pr\u00f3ximas semanas para dar seguimiento a los puntos abordados y buscar soluciones que beneficien tanto a transportistas como a la ciudadan\u00eda.<\/p>\n\n\n\n<p class=\"wp-block-paragraph\"><strong>A 24 de febrero de 2025, s\u00edguenos en Facebook Reporte272<\/strong><\/p>\n\n\n\n<p class=\"wp-block-paragraph\"><\/p>\n","protected":false},"excerpt":{"rendered":"<p>Ixtaczoquitl\u00e1n, Ver. (Reporte272\/Miguel Hern\u00e1ndez).- Con el prop\u00f3sito de fortalecer las condiciones de trabajo del sector transportista en Veracruz, representantes de la Alianza Mexicana de Organizaci\u00f3n de Transportistas A.C. (AMOTAC) sostuvieron una reuni\u00f3n con autoridades estatales en la capital del estado. Durante el encuentro, encabezado por el l\u00edder nacional de AMOTAC, Carlos Garc\u00eda \u00c1lvarez, y el [&hellip;]<\/p>\n","protected":false},"author":2,"featured_media":4104,"comment_status":"open","ping_status":"open","sticky":false,"template":"","format":"standard","meta":{"rop_custom_images_group":[],"rop_custom_messages_group":[],"rop_publish_now":"initial","rop_publish_now_accounts":{"facebook_2001103103558832_108675811699976":""},"rop_publish_now_history":[],"rop_publish_now_status":"pending","footnotes":""},"categories":[6,5,10],"tags":[],"class_list":["post-4103","post","type-post","status-publish","format-standard","has-post-thumbnail","hentry","category-estatal","category-local","category-portada"],"_links":{"self":[{"href":"https:\/\/reporte272.com\/portal\/wp-json\/wp\/v2\/posts\/4103","targetHints":{"allow":["GET"]}}],"collection":[{"href":"https:\/\/reporte272.com\/portal\/wp-json\/wp\/v2\/posts"}],"about":[{"href":"https:\/\/reporte272.com\/portal\/wp-json\/wp\/v2\/types\/post"}],"author":[{"embeddable":true,"href":"https:\/\/reporte272.com\/portal\/wp-json\/wp\/v2\/users\/2"}],"replies":[{"embeddable":true,"href":"https:\/\/reporte272.com\/portal\/wp-json\/wp\/v2\/comments?post=4103"}],"version-history":[{"count":1,"href":"https:\/\/reporte272.com\/portal\/wp-json\/wp\/v2\/posts\/4103\/revisions"}],"predecessor-version":[{"id":4105,"href":"https:\/\/reporte272.com\/portal\/wp-json\/wp\/v2\/posts\/4103\/revisions\/4105"}],"wp:featuredmedia":[{"embeddable":true,"href":"https:\/\/reporte272.com\/portal\/wp-json\/wp\/v2\/media\/4104"}],"wp:attachment":[{"href":"https:\/\/reporte272.com\/portal\/wp-json\/wp\/v2\/media?parent=4103"}],"wp:term":[{"taxonomy":"category","embeddable":true,"href":"https:\/\/reporte272.com\/portal\/wp-json\/wp\/v2\/categories?post=4103"},{"taxonomy":"post_tag","embeddable":true,"href":"https:\/\/reporte272.com\/portal\/wp-json\/wp\/v2\/tags?post=4103"}],"curies":[{"name":"wp","href":"https:\/\/api.w.org\/{rel}","templated":true}]}}