{"id":4126,"date":"2025-03-04T01:16:22","date_gmt":"2025-03-04T01:16:22","guid":{"rendered":"https:\/\/reporte272.com\/portal\/?p=4126"},"modified":"2025-03-04T02:05:00","modified_gmt":"2025-03-04T02:05:00","slug":"protestan-en-orizaba-para-exigir-justicia-por-pablo-ortigoza","status":"publish","type":"post","link":"https:\/\/reporte272.com\/portal\/protestan-en-orizaba-para-exigir-justicia-por-pablo-ortigoza\/","title":{"rendered":"Protestan en Orizaba para exigir justicia por Pablo"},"content":{"rendered":"\n<p class=\"wp-block-paragraph\">**Denuncian abuso policial en Fort\u00edn de las Flores y piden castigo para los responsables<\/p>\n\n\n\n<p class=\"wp-block-paragraph\"><strong>Orizaba, Ver. (Reporte272 \/ Miguel Hern\u00e1ndez).\u2013<\/strong> Entre veladoras, flores blancas y pancartas con mensajes de indignaci\u00f3n, familiares, amigos y compa\u00f1eros de Pablo realizaron una protesta pac\u00edfica este lunes frente al Instituto Tecnol\u00f3gico de Orizaba (ITO), donde el joven de 19 a\u00f1os estudiaba. La manifestaci\u00f3n, adem\u00e1s de honrar su memoria, exigi\u00f3 justicia por su asesinato a manos de un elemento de la Polic\u00eda Municipal de Fort\u00edn de las Flores.<\/p>\n\n\n\n<p class=\"wp-block-paragraph\">El homicidio ocurri\u00f3 la semana pasada cuando Pablo caminaba por las calles de Fort\u00edn y fue interceptado por un uniformado. Seg\u00fan relataron sus familiares, el joven intent\u00f3 huir por miedo a ser golpeado, como hab\u00eda sucedido en otras ocasiones, pero el polic\u00eda le dispar\u00f3 en la cabeza, provocando su muerte inmediata.<\/p>\n\n\n\n<p class=\"wp-block-paragraph\">En la entrada del ITO, los manifestantes colocaron un altar en su honor y con pintura roja en el pavimento simularon sangre en se\u00f1al de protesta. Carteles con frases como \u201cJusticia para Pablo\u201d y \u201c\u00bfQui\u00e9n nos cuida de la polic\u00eda?\u201d reflejaron el sentir de una comunidad indignada por los abusos de autoridad.<\/p>\n\n\n\n<p class=\"wp-block-paragraph\">Los padres de Pablo, Isabel Mart\u00ednez y Luis Manuel Ortigoza, estuvieron presentes en la protesta y se\u00f1alaron que su hijo no fue la \u00fanica v\u00edctima de la violencia policial en Fort\u00edn. \u201cM\u00e1s de 100 personas se han acercado a contar que tambi\u00e9n fueron golpeadas o detenidas injustamente por la polic\u00eda. Tuvo que pasar lo de mi hijo para que muchos se atrevieran a hablar\u201d, lament\u00f3 la madre.<\/p>\n\n\n\n<p class=\"wp-block-paragraph\">El padre de Pablo lo record\u00f3 como un joven disciplinado y trabajador, cuya rutina inclu\u00eda correr por las ma\u00f1anas, trabajar en una veterinaria cercana al ITO y asistir a clases. Su hermano Fernando destac\u00f3 su car\u00e1cter protector y su h\u00e1bito de acompa\u00f1ar a sus amigas despu\u00e9s de la escuela para asegurarse de que llegaran a salvo a sus casas.<\/p>\n\n\n\n<p class=\"wp-block-paragraph\">Mientras en el ITO los universitarios coreaban \u201c\u00a1Justicia para Pablo!\u201d, en Fort\u00edn, ciudadanos tambi\u00e9n salieron a las calles para exigir la destituci\u00f3n de la Polic\u00eda Municipal, a la que responsabilizan por m\u00faltiples casos de abuso.<\/p>\n\n\n\n<p class=\"wp-block-paragraph\">Los familiares del joven conf\u00edan en que la Fiscal\u00eda mantenga el compromiso de investigar el caso y llevar ante la justicia a los responsables. Entretanto, la comunidad universitaria y los habitantes de Fort\u00edn siguen exigiendo acciones concretas para frenar la violencia policial y evitar que tragedias como esta se repitan.<\/p>\n\n\n\n<p class=\"wp-block-paragraph\"><strong>A 3 de marzo de 2025, s\u00edguenos en Facebook Reporte272<\/strong><\/p>\n\n\n\n<p class=\"wp-block-paragraph\"><\/p>\n","protected":false},"excerpt":{"rendered":"<p>**Denuncian abuso policial en Fort\u00edn de las Flores y piden castigo para los responsables Orizaba, Ver. (Reporte272 \/ Miguel Hern\u00e1ndez).\u2013 Entre veladoras, flores blancas y pancartas con mensajes de indignaci\u00f3n, familiares, amigos y compa\u00f1eros de Pablo realizaron una protesta pac\u00edfica este lunes frente al Instituto Tecnol\u00f3gico de Orizaba (ITO), donde el joven de 19 a\u00f1os [&hellip;]<\/p>\n","protected":false},"author":2,"featured_media":4127,"comment_status":"open","ping_status":"open","sticky":false,"template":"","format":"standard","meta":{"rop_custom_images_group":[],"rop_custom_messages_group":[],"rop_publish_now":"initial","rop_publish_now_accounts":{"facebook_2001103103558832_108675811699976":""},"rop_publish_now_history":[],"rop_publish_now_status":"pending","footnotes":""},"categories":[6,10],"tags":[],"class_list":["post-4126","post","type-post","status-publish","format-standard","has-post-thumbnail","hentry","category-estatal","category-portada"],"_links":{"self":[{"href":"https:\/\/reporte272.com\/portal\/wp-json\/wp\/v2\/posts\/4126","targetHints":{"allow":["GET"]}}],"collection":[{"href":"https:\/\/reporte272.com\/portal\/wp-json\/wp\/v2\/posts"}],"about":[{"href":"https:\/\/reporte272.com\/portal\/wp-json\/wp\/v2\/types\/post"}],"author":[{"embeddable":true,"href":"https:\/\/reporte272.com\/portal\/wp-json\/wp\/v2\/users\/2"}],"replies":[{"embeddable":true,"href":"https:\/\/reporte272.com\/portal\/wp-json\/wp\/v2\/comments?post=4126"}],"version-history":[{"count":2,"href":"https:\/\/reporte272.com\/portal\/wp-json\/wp\/v2\/posts\/4126\/revisions"}],"predecessor-version":[{"id":4134,"href":"https:\/\/reporte272.com\/portal\/wp-json\/wp\/v2\/posts\/4126\/revisions\/4134"}],"wp:featuredmedia":[{"embeddable":true,"href":"https:\/\/reporte272.com\/portal\/wp-json\/wp\/v2\/media\/4127"}],"wp:attachment":[{"href":"https:\/\/reporte272.com\/portal\/wp-json\/wp\/v2\/media?parent=4126"}],"wp:term":[{"taxonomy":"category","embeddable":true,"href":"https:\/\/reporte272.com\/portal\/wp-json\/wp\/v2\/categories?post=4126"},{"taxonomy":"post_tag","embeddable":true,"href":"https:\/\/reporte272.com\/portal\/wp-json\/wp\/v2\/tags?post=4126"}],"curies":[{"name":"wp","href":"https:\/\/api.w.org\/{rel}","templated":true}]}}