{"id":4135,"date":"2025-03-04T02:17:37","date_gmt":"2025-03-04T02:17:37","guid":{"rendered":"https:\/\/reporte272.com\/portal\/?p=4135"},"modified":"2025-03-04T02:17:38","modified_gmt":"2025-03-04T02:17:38","slug":"exigen-renuncia-de-alcalde-de-fortin","status":"publish","type":"post","link":"https:\/\/reporte272.com\/portal\/exigen-renuncia-de-alcalde-de-fortin\/","title":{"rendered":"Exigen renuncia de Alcalde de Fort\u00edn"},"content":{"rendered":"\n<p class=\"wp-block-paragraph\"><strong>Fort\u00edn de Las Flores, Ver.(Reporte272).-<\/strong> Familiares, amigos y conocidos de Pablo Ortigoza Mart\u00ednez, quien fue ases1n4d0 de un bal4zo en la cabeza por un elemento de la Polic\u00eda Municipal de Fort\u00edn, se manifiestan y protestan en las afueras del Palacio de Gobierno, exigiendo justicia para el joven deportista, la renuncia del presidente municipal Gerardo Rosales Victoria, as\u00ed como la salida de la Polic\u00eda Municipal y Estatal; piden ingrese la Marina o la Guardia Nacional.<\/p>\n\n\n\n<p class=\"wp-block-paragraph\"><br>Los ciudadanos fortinenses desde temprana hora se apostaron en el parque y minutos m\u00e1s tarde a las afueras del ayuntamiento que encabeza el alcalde morenista Rosales Victoria, para solicitar una verdadera y pronta justicia por el artero ases1n4to del joven que estudiaba ingenier\u00eda qu\u00edmica en el Tecnol\u00f3gico Nacional de M\u00e9xico campus Orizaba, era deportista y boxeador destacado.<br>Los inconformes fueron atendidos por el alcalde, Gerardo Rosales, quien les explic\u00f3 que \u00e9l no tiene la facultad de retirar a la Polic\u00eda Municipal y Estatal, pero esta haciendo lo necesario para garantizar la seguridad en la ciudad.<br>C\u00f3mo se recordar\u00e1, la ejecuci\u00f3n se perpetr\u00f3 durante la madrugada del viernes, cuando Pablo Ortigoza Mart\u00ednez, un deportista de boxeo ol\u00edmpico, caminaba hacia su domicilio ubicado en la Colonia Ricardo Ballinas, del municipio de Fort\u00edn.<\/p>\n","protected":false},"excerpt":{"rendered":"<p>Fort\u00edn de Las Flores, Ver.(Reporte272).- Familiares, amigos y conocidos de Pablo Ortigoza Mart\u00ednez, quien fue ases1n4d0 de un bal4zo en la cabeza por un elemento de la Polic\u00eda Municipal de Fort\u00edn, se manifiestan y protestan en las afueras del Palacio de Gobierno, exigiendo justicia para el joven deportista, la renuncia del presidente municipal Gerardo Rosales [&hellip;]<\/p>\n","protected":false},"author":2,"featured_media":4136,"comment_status":"open","ping_status":"open","sticky":false,"template":"","format":"standard","meta":{"rop_custom_images_group":[],"rop_custom_messages_group":[],"rop_publish_now":"initial","rop_publish_now_accounts":{"facebook_2001103103558832_108675811699976":""},"rop_publish_now_history":[],"rop_publish_now_status":"pending","footnotes":""},"categories":[6,9,10],"tags":[],"class_list":["post-4135","post","type-post","status-publish","format-standard","has-post-thumbnail","hentry","category-estatal","category-policiaca","category-portada"],"_links":{"self":[{"href":"https:\/\/reporte272.com\/portal\/wp-json\/wp\/v2\/posts\/4135","targetHints":{"allow":["GET"]}}],"collection":[{"href":"https:\/\/reporte272.com\/portal\/wp-json\/wp\/v2\/posts"}],"about":[{"href":"https:\/\/reporte272.com\/portal\/wp-json\/wp\/v2\/types\/post"}],"author":[{"embeddable":true,"href":"https:\/\/reporte272.com\/portal\/wp-json\/wp\/v2\/users\/2"}],"replies":[{"embeddable":true,"href":"https:\/\/reporte272.com\/portal\/wp-json\/wp\/v2\/comments?post=4135"}],"version-history":[{"count":1,"href":"https:\/\/reporte272.com\/portal\/wp-json\/wp\/v2\/posts\/4135\/revisions"}],"predecessor-version":[{"id":4137,"href":"https:\/\/reporte272.com\/portal\/wp-json\/wp\/v2\/posts\/4135\/revisions\/4137"}],"wp:featuredmedia":[{"embeddable":true,"href":"https:\/\/reporte272.com\/portal\/wp-json\/wp\/v2\/media\/4136"}],"wp:attachment":[{"href":"https:\/\/reporte272.com\/portal\/wp-json\/wp\/v2\/media?parent=4135"}],"wp:term":[{"taxonomy":"category","embeddable":true,"href":"https:\/\/reporte272.com\/portal\/wp-json\/wp\/v2\/categories?post=4135"},{"taxonomy":"post_tag","embeddable":true,"href":"https:\/\/reporte272.com\/portal\/wp-json\/wp\/v2\/tags?post=4135"}],"curies":[{"name":"wp","href":"https:\/\/api.w.org\/{rel}","templated":true}]}}