{"id":4141,"date":"2025-03-04T03:48:27","date_gmt":"2025-03-04T03:48:27","guid":{"rendered":"https:\/\/reporte272.com\/portal\/?p=4141"},"modified":"2025-03-04T04:01:36","modified_gmt":"2025-03-04T04:01:36","slug":"mu3re-c4lcinado-cortador-de-cana","status":"publish","type":"post","link":"https:\/\/reporte272.com\/portal\/mu3re-c4lcinado-cortador-de-cana\/","title":{"rendered":"Mu3re cortador de ca\u00f1a"},"content":{"rendered":"\n<p class=\"wp-block-paragraph\"><strong>C\u00f3rdoba, Ver. (Reporte272).-<\/strong> Mu3re un cortador de ca\u00f1a de az\u00facar al quedar atrapado en la quema que el mismo realiz\u00f3 minutos antes de que p3rdiera la vid4.<br>L\u00e1zaro N de 78 a\u00f1os de edad se encontraba laborando en unos ca\u00f1averales en los lim\u00edtrofes de las comunidades San Rafael Caler\u00eda y El Porvenir de esta ciudad.<br>El trabajador del campo procedi\u00f3 a la quema del endulzante, lamentablemente los vientos cambiaron el rumbo del fuego, provocando que el septuagenario quedar\u00e1 atrapado entre las llamas, y mur1\u00f3 .<\/p>\n\n\n\n<p class=\"wp-block-paragraph\"><strong>A 3 de marzo de 2025, s\u00edguenos en Facebook <\/strong><\/p>\n","protected":false},"excerpt":{"rendered":"<p>C\u00f3rdoba, Ver. (Reporte272).- Mu3re un cortador de ca\u00f1a de az\u00facar al quedar atrapado en la quema que el mismo realiz\u00f3 minutos antes de que p3rdiera la vid4.L\u00e1zaro N de 78 a\u00f1os de edad se encontraba laborando en unos ca\u00f1averales en los lim\u00edtrofes de las comunidades San Rafael Caler\u00eda y El Porvenir de esta ciudad.El trabajador [&hellip;]<\/p>\n","protected":false},"author":2,"featured_media":4142,"comment_status":"open","ping_status":"open","sticky":false,"template":"","format":"standard","meta":{"rop_custom_images_group":[],"rop_custom_messages_group":[],"rop_publish_now":"initial","rop_publish_now_accounts":{"facebook_2001103103558832_108675811699976":""},"rop_publish_now_history":[],"rop_publish_now_status":"pending","footnotes":""},"categories":[9],"tags":[],"class_list":["post-4141","post","type-post","status-publish","format-standard","has-post-thumbnail","hentry","category-policiaca"],"_links":{"self":[{"href":"https:\/\/reporte272.com\/portal\/wp-json\/wp\/v2\/posts\/4141","targetHints":{"allow":["GET"]}}],"collection":[{"href":"https:\/\/reporte272.com\/portal\/wp-json\/wp\/v2\/posts"}],"about":[{"href":"https:\/\/reporte272.com\/portal\/wp-json\/wp\/v2\/types\/post"}],"author":[{"embeddable":true,"href":"https:\/\/reporte272.com\/portal\/wp-json\/wp\/v2\/users\/2"}],"replies":[{"embeddable":true,"href":"https:\/\/reporte272.com\/portal\/wp-json\/wp\/v2\/comments?post=4141"}],"version-history":[{"count":3,"href":"https:\/\/reporte272.com\/portal\/wp-json\/wp\/v2\/posts\/4141\/revisions"}],"predecessor-version":[{"id":4151,"href":"https:\/\/reporte272.com\/portal\/wp-json\/wp\/v2\/posts\/4141\/revisions\/4151"}],"wp:featuredmedia":[{"embeddable":true,"href":"https:\/\/reporte272.com\/portal\/wp-json\/wp\/v2\/media\/4142"}],"wp:attachment":[{"href":"https:\/\/reporte272.com\/portal\/wp-json\/wp\/v2\/media?parent=4141"}],"wp:term":[{"taxonomy":"category","embeddable":true,"href":"https:\/\/reporte272.com\/portal\/wp-json\/wp\/v2\/categories?post=4141"},{"taxonomy":"post_tag","embeddable":true,"href":"https:\/\/reporte272.com\/portal\/wp-json\/wp\/v2\/tags?post=4141"}],"curies":[{"name":"wp","href":"https:\/\/api.w.org\/{rel}","templated":true}]}}