{"id":4152,"date":"2025-03-05T14:00:43","date_gmt":"2025-03-05T14:00:43","guid":{"rendered":"https:\/\/reporte272.com\/portal\/?p=4152"},"modified":"2025-03-05T14:00:44","modified_gmt":"2025-03-05T14:00:44","slug":"igor-roji-lopez-candidato-del-pvem-morena-a-la-alcaldia-de-orizaba","status":"publish","type":"post","link":"https:\/\/reporte272.com\/portal\/igor-roji-lopez-candidato-del-pvem-morena-a-la-alcaldia-de-orizaba\/","title":{"rendered":"Igor Roj\u00ed L\u00f3pez, candidato del PVEM &#8211; MORENA a la alcald\u00eda de Orizaba"},"content":{"rendered":"\n<p class=\"wp-block-paragraph\"><strong>Orizaba, Ver .- (Reporte272).-<\/strong> El expresidente Municipal del PRI y actual diputado local por el Partido Verde Ecologista de M\u00e9xico (PVEM Igor Fidel Roj\u00ed L\u00f3pez, es el candidato de la coalici\u00f3n PVEM-Morena para la alcald\u00eda de Orizaba.<\/p>\n\n\n\n<p class=\"wp-block-paragraph\">Mediante sus redes sociales, el diputado local por el Distrito 20 con sede en Orizaba, hizo<br>oficial su nombramiento como <strong>&#8220;Promotor de la Cuarta Transformaci\u00f3n&#8221; <\/strong>en el municipio de <strong>Orizaba,<\/strong><br>Veracruz y agradeci\u00f3 a quienes lo apoyaron.<\/p>\n\n\n\n<p class=\"wp-block-paragraph\">Hoy Martes 4 de marzo de 2025, refrendo mi compromiso con el Partido Verde y con MORENA para seguir trabajando por ORIZABA.<br>GRACIAS a todos los que me han apoyado !!!!!<br>Luisa Alcalde Arturo Escobar y Vega Roc\u00edo Nahle Carlos Marcelo Ruiz S\u00e1nchez Javier Herrera Borunda @Edgar Herrera Lendechy @Aaron Enr\u00edquez Garc\u00eda Nallely Camarillo .<\/p>\n\n\n\n<p class=\"wp-block-paragraph\">La constancia le fue entregada la tarde de este martes en la sede nacional del Partido Movimiento<br>de Regeneraci\u00f3n Nacional (Morena), tras haber triunfado en las encuestas entre militantes y<br>simpatizantes de dicho Instituto pol\u00edtico.<\/p>\n","protected":false},"excerpt":{"rendered":"<p>Orizaba, Ver .- (Reporte272).- El expresidente Municipal del PRI y actual diputado local por el Partido Verde Ecologista de M\u00e9xico (PVEM Igor Fidel Roj\u00ed L\u00f3pez, es el candidato de la coalici\u00f3n PVEM-Morena para la alcald\u00eda de Orizaba. Mediante sus redes sociales, el diputado local por el Distrito 20 con sede en Orizaba, hizooficial su nombramiento [&hellip;]<\/p>\n","protected":false},"author":2,"featured_media":4153,"comment_status":"open","ping_status":"open","sticky":false,"template":"","format":"standard","meta":{"rop_custom_images_group":[],"rop_custom_messages_group":[],"rop_publish_now":"initial","rop_publish_now_accounts":{"facebook_2001103103558832_108675811699976":""},"rop_publish_now_history":[],"rop_publish_now_status":"pending","footnotes":""},"categories":[6,5,10],"tags":[],"class_list":["post-4152","post","type-post","status-publish","format-standard","has-post-thumbnail","hentry","category-estatal","category-local","category-portada"],"_links":{"self":[{"href":"https:\/\/reporte272.com\/portal\/wp-json\/wp\/v2\/posts\/4152","targetHints":{"allow":["GET"]}}],"collection":[{"href":"https:\/\/reporte272.com\/portal\/wp-json\/wp\/v2\/posts"}],"about":[{"href":"https:\/\/reporte272.com\/portal\/wp-json\/wp\/v2\/types\/post"}],"author":[{"embeddable":true,"href":"https:\/\/reporte272.com\/portal\/wp-json\/wp\/v2\/users\/2"}],"replies":[{"embeddable":true,"href":"https:\/\/reporte272.com\/portal\/wp-json\/wp\/v2\/comments?post=4152"}],"version-history":[{"count":1,"href":"https:\/\/reporte272.com\/portal\/wp-json\/wp\/v2\/posts\/4152\/revisions"}],"predecessor-version":[{"id":4154,"href":"https:\/\/reporte272.com\/portal\/wp-json\/wp\/v2\/posts\/4152\/revisions\/4154"}],"wp:featuredmedia":[{"embeddable":true,"href":"https:\/\/reporte272.com\/portal\/wp-json\/wp\/v2\/media\/4153"}],"wp:attachment":[{"href":"https:\/\/reporte272.com\/portal\/wp-json\/wp\/v2\/media?parent=4152"}],"wp:term":[{"taxonomy":"category","embeddable":true,"href":"https:\/\/reporte272.com\/portal\/wp-json\/wp\/v2\/categories?post=4152"},{"taxonomy":"post_tag","embeddable":true,"href":"https:\/\/reporte272.com\/portal\/wp-json\/wp\/v2\/tags?post=4152"}],"curies":[{"name":"wp","href":"https:\/\/api.w.org\/{rel}","templated":true}]}}