{"id":4155,"date":"2025-03-05T14:29:33","date_gmt":"2025-03-05T14:29:33","guid":{"rendered":"https:\/\/reporte272.com\/portal\/?p=4155"},"modified":"2025-03-05T14:29:34","modified_gmt":"2025-03-05T14:29:34","slug":"solicita-alcalde-la-desaparicion-de-la-policia-municipal-de-fortin","status":"publish","type":"post","link":"https:\/\/reporte272.com\/portal\/solicita-alcalde-la-desaparicion-de-la-policia-municipal-de-fortin\/","title":{"rendered":"Solicita Alcalde la desaparici\u00f3n de la polic\u00eda municipal de Fort\u00edn"},"content":{"rendered":"\n<p class=\"wp-block-paragraph\"><strong>Fort\u00edn de Las Flores, Ver. ( Reporte272 \/ Ixio Loaiza).-<\/strong> El presidente Municipal de Fort\u00edn de las Flores, Gerardo Rosales Victoria mediante un oficio girado a la Gobernadora, Roc\u00edo Nahle Garc\u00eda y al Contralmirante Alfonso Reyes Garces, solicit\u00f3 la baja definitiva de la Polic\u00eda Municipal, ante los recientes hechos en donde un elemento con un arma larga priv\u00f3 de la vida a un joven de 18 a\u00f1os de edad.<\/p>\n\n\n\n<p class=\"wp-block-paragraph\">A trav\u00e9s del oficio: AYT\/FOR\/PRES\/0034\/2025, la primera autoridad admiti\u00f3 que la ciudadan\u00eda en general de Fort\u00edn ya no se siente segura bajo el resguardo y la vigilancia de la Polic\u00eda Municipal y Estatal, por lo que pide tome el control de la Seguridad P\u00fablica Municipal, la Marina Armada de M\u00e9xico (SEMAR).<br>&#8220;Debido a los hechos suscitados en fecha del 28 de febrero del presente, donde un elemento de la Polic\u00eda Municipal Privada de la vida a un joven de identidad reservada, el cual se puso a disposici\u00f3n de la fiscal\u00eda y que a la fecha tiene como medida cautelar prisi\u00f3n preventiva oficiosa, esto dentro del Penal La Toma en el municipio de Amatl\u00e1n de Los Reyes, con el fin de que enfrente su proceso y que las autoridades correspondientes realicen las diligencias e investigaciones oportunas y as\u00ed determinen el ejercicio de la acci\u00f3n penal, por tal motivo y al solicitud de la poblaci\u00f3n por no querer seguir estando bajo la protecci\u00f3n de la Polic\u00eda Municipal, ni mucho menos de la Policia Estatal, es que me permito solicitar a petici\u00f3n de la poblaci\u00f3n, La Baja de la Polic\u00eda Municipal de Fort\u00edn, Veracruz, de manera inmediata&#8221;.<br>Rosales Victoria, as\u00ed mismo solicita el apoyo para que la seguridad de este municipio recaiga en los efectivos de la Marina Armada de M\u00e9xico.<br>&#8220;Esto para as\u00ed poder garantizar la seguridad y salvaguardar la integridad de todos y cada uno de los fortinenses. Reiterando que la petici\u00f3n de la poblaci\u00f3n y de un servidor, es solicitarle el apoyo de la seguridad \u00e9ste cargo de los elementos de la Marina Armada de M\u00e9xico y se d\u00e9 inmediatamente la remoci\u00f3n de la Polic\u00eda Estatal y Municipal en este municipio&#8221;.<br>El presidente municipal de extracci\u00f3n morenista conf\u00eda en que la solicitud sea atendida por las autoridades del Gobierno de Veracruz y qued\u00f3 a la espera de la respuesta de la Gobernadora Roc\u00edo Nahle Garc\u00eda.<\/p>\n","protected":false},"excerpt":{"rendered":"<p>Fort\u00edn de Las Flores, Ver. ( Reporte272 \/ Ixio Loaiza).- El presidente Municipal de Fort\u00edn de las Flores, Gerardo Rosales Victoria mediante un oficio girado a la Gobernadora, Roc\u00edo Nahle Garc\u00eda y al Contralmirante Alfonso Reyes Garces, solicit\u00f3 la baja definitiva de la Polic\u00eda Municipal, ante los recientes hechos en donde un elemento con un [&hellip;]<\/p>\n","protected":false},"author":2,"featured_media":4157,"comment_status":"open","ping_status":"open","sticky":false,"template":"","format":"standard","meta":{"rop_custom_images_group":[],"rop_custom_messages_group":[],"rop_publish_now":"initial","rop_publish_now_accounts":{"facebook_2001103103558832_108675811699976":""},"rop_publish_now_history":[],"rop_publish_now_status":"pending","footnotes":""},"categories":[6,10],"tags":[],"class_list":["post-4155","post","type-post","status-publish","format-standard","has-post-thumbnail","hentry","category-estatal","category-portada"],"_links":{"self":[{"href":"https:\/\/reporte272.com\/portal\/wp-json\/wp\/v2\/posts\/4155","targetHints":{"allow":["GET"]}}],"collection":[{"href":"https:\/\/reporte272.com\/portal\/wp-json\/wp\/v2\/posts"}],"about":[{"href":"https:\/\/reporte272.com\/portal\/wp-json\/wp\/v2\/types\/post"}],"author":[{"embeddable":true,"href":"https:\/\/reporte272.com\/portal\/wp-json\/wp\/v2\/users\/2"}],"replies":[{"embeddable":true,"href":"https:\/\/reporte272.com\/portal\/wp-json\/wp\/v2\/comments?post=4155"}],"version-history":[{"count":1,"href":"https:\/\/reporte272.com\/portal\/wp-json\/wp\/v2\/posts\/4155\/revisions"}],"predecessor-version":[{"id":4158,"href":"https:\/\/reporte272.com\/portal\/wp-json\/wp\/v2\/posts\/4155\/revisions\/4158"}],"wp:featuredmedia":[{"embeddable":true,"href":"https:\/\/reporte272.com\/portal\/wp-json\/wp\/v2\/media\/4157"}],"wp:attachment":[{"href":"https:\/\/reporte272.com\/portal\/wp-json\/wp\/v2\/media?parent=4155"}],"wp:term":[{"taxonomy":"category","embeddable":true,"href":"https:\/\/reporte272.com\/portal\/wp-json\/wp\/v2\/categories?post=4155"},{"taxonomy":"post_tag","embeddable":true,"href":"https:\/\/reporte272.com\/portal\/wp-json\/wp\/v2\/tags?post=4155"}],"curies":[{"name":"wp","href":"https:\/\/api.w.org\/{rel}","templated":true}]}}