{"id":4177,"date":"2025-03-06T07:52:41","date_gmt":"2025-03-06T07:52:41","guid":{"rendered":"https:\/\/reporte272.com\/portal\/?p=4177"},"modified":"2025-03-06T07:52:42","modified_gmt":"2025-03-06T07:52:42","slug":"beca-rita-cetina-beneficiara-a-mas-de-18-mil-familias-en-orizaba","status":"publish","type":"post","link":"https:\/\/reporte272.com\/portal\/beca-rita-cetina-beneficiara-a-mas-de-18-mil-familias-en-orizaba\/","title":{"rendered":"Beca Rita Cetina beneficiar\u00e1 a m\u00e1s de 18 mil familias en Orizaba"},"content":{"rendered":"\n<p class=\"wp-block-paragraph\"><strong>Orizaba, Ver. (Reporte272 \/ Miguel Hern\u00e1ndez).- <\/strong>M\u00e1s de 18 mil familias en la regi\u00f3n ser\u00e1n beneficiadas con la Beca Rita Cetina, un apoyo econ\u00f3mico dirigido a estudiantes de secundaria, inform\u00f3 la directora regional de Programas para el Desarrollo, Yesenia Mu\u00f1oz.<\/p>\n\n\n\n<p class=\"wp-block-paragraph\">En total, 138 planteles del nivel secundaria han sido incorporados a este programa de becas de car\u00e1cter universal. Adem\u00e1s, los alumnos que ya recib\u00edan la Beca Benito Ju\u00e1rez podr\u00e1n seguir utilizando el mismo medio de cobro, ya que su tarjeta contin\u00faa vigente.<\/p>\n\n\n\n<p class=\"wp-block-paragraph\">Mu\u00f1oz destac\u00f3 que, en comparaci\u00f3n con a\u00f1os anteriores, cuando los apoyos se enfocaban en zonas marginadas, ahora el beneficio se ha extendido a todas las zonas urbanas, incluyendo Orizaba.<\/p>\n\n\n\n<p class=\"wp-block-paragraph\">Tarjetas a\u00fan en proceso de activaci\u00f3n<\/p>\n\n\n\n<p class=\"wp-block-paragraph\">La funcionaria explic\u00f3 que, aunque las tarjetas ya fueron entregadas a los beneficiarios, a\u00fan no est\u00e1n activas, ya que primero deben completarse los procesos administrativos correspondientes.<\/p>\n\n\n\n<pre class=\"wp-block-code\"><code>\u201cHay que esperar un poco porque debemos realizar un proceso de captura de la tarjeta. En este momento, solo se entrega el medio de cobro, pero posteriormente se sube toda la informaci\u00f3n y se inicia con la dispersi\u00f3n de los recursos\u201d, detall\u00f3.<\/code><\/pre>\n\n\n\n<p class=\"wp-block-paragraph\">Se espera que la activaci\u00f3n se realice en un plazo no mayor a 20 d\u00edas, y ser\u00e1 el personal de Bienestar quien se comunique directamente con los tutores para informarles sobre la disponibilidad de los pagos.<\/p>\n\n\n\n<p class=\"wp-block-paragraph\">Monto del apoyo<\/p>\n\n\n\n<p class=\"wp-block-paragraph\">Cada estudiante de secundaria recibir\u00e1 un apoyo de 1,900 pesos, y en caso de que haya otro alumno de secundaria en la misma familia, se otorgar\u00e1n 700 pesos adicionales por cada uno.<\/p>\n\n\n\n<p class=\"wp-block-paragraph\">Finalmente, Mu\u00f1oz record\u00f3 que, debido a que 2025 es un a\u00f1o electoral, la entrega de la Beca Rita Cetina se adelantar\u00e1, tal como suceder\u00e1 con otros programas sociales.<\/p>\n\n\n\n<p class=\"wp-block-paragraph\"><strong>A 6 de marzo de 2025, s\u00edguenos en Facebook Reporte272<\/strong><\/p>\n\n\n\n<p class=\"wp-block-paragraph\"><\/p>\n","protected":false},"excerpt":{"rendered":"<p>Orizaba, Ver. (Reporte272 \/ Miguel Hern\u00e1ndez).- M\u00e1s de 18 mil familias en la regi\u00f3n ser\u00e1n beneficiadas con la Beca Rita Cetina, un apoyo econ\u00f3mico dirigido a estudiantes de secundaria, inform\u00f3 la directora regional de Programas para el Desarrollo, Yesenia Mu\u00f1oz. En total, 138 planteles del nivel secundaria han sido incorporados a este programa de becas [&hellip;]<\/p>\n","protected":false},"author":2,"featured_media":4178,"comment_status":"open","ping_status":"open","sticky":false,"template":"","format":"standard","meta":{"rop_custom_images_group":[],"rop_custom_messages_group":[],"rop_publish_now":"initial","rop_publish_now_accounts":{"facebook_2001103103558832_108675811699976":""},"rop_publish_now_history":[],"rop_publish_now_status":"pending","footnotes":""},"categories":[5,10],"tags":[],"class_list":["post-4177","post","type-post","status-publish","format-standard","has-post-thumbnail","hentry","category-local","category-portada"],"_links":{"self":[{"href":"https:\/\/reporte272.com\/portal\/wp-json\/wp\/v2\/posts\/4177","targetHints":{"allow":["GET"]}}],"collection":[{"href":"https:\/\/reporte272.com\/portal\/wp-json\/wp\/v2\/posts"}],"about":[{"href":"https:\/\/reporte272.com\/portal\/wp-json\/wp\/v2\/types\/post"}],"author":[{"embeddable":true,"href":"https:\/\/reporte272.com\/portal\/wp-json\/wp\/v2\/users\/2"}],"replies":[{"embeddable":true,"href":"https:\/\/reporte272.com\/portal\/wp-json\/wp\/v2\/comments?post=4177"}],"version-history":[{"count":1,"href":"https:\/\/reporte272.com\/portal\/wp-json\/wp\/v2\/posts\/4177\/revisions"}],"predecessor-version":[{"id":4179,"href":"https:\/\/reporte272.com\/portal\/wp-json\/wp\/v2\/posts\/4177\/revisions\/4179"}],"wp:featuredmedia":[{"embeddable":true,"href":"https:\/\/reporte272.com\/portal\/wp-json\/wp\/v2\/media\/4178"}],"wp:attachment":[{"href":"https:\/\/reporte272.com\/portal\/wp-json\/wp\/v2\/media?parent=4177"}],"wp:term":[{"taxonomy":"category","embeddable":true,"href":"https:\/\/reporte272.com\/portal\/wp-json\/wp\/v2\/categories?post=4177"},{"taxonomy":"post_tag","embeddable":true,"href":"https:\/\/reporte272.com\/portal\/wp-json\/wp\/v2\/tags?post=4177"}],"curies":[{"name":"wp","href":"https:\/\/api.w.org\/{rel}","templated":true}]}}