{"id":4183,"date":"2025-03-06T16:15:44","date_gmt":"2025-03-06T16:15:44","guid":{"rendered":"https:\/\/reporte272.com\/portal\/?p=4183"},"modified":"2025-03-06T16:15:45","modified_gmt":"2025-03-06T16:15:45","slug":"denuncian-malos-manejos-en-cobaev-06-de-nogales","status":"publish","type":"post","link":"https:\/\/reporte272.com\/portal\/denuncian-malos-manejos-en-cobaev-06-de-nogales\/","title":{"rendered":"Denuncian malos manejos en COBAEV 06, de Nogales"},"content":{"rendered":"\n<p class=\"wp-block-paragraph\"><strong>Nogales, Ver. (Reporte272 \/Ixio Loaiza).-<\/strong> Debido a malas practicas de la Directora del COBAEV n\u00famero 6 de Nogales, Mar\u00eda de los \u00c1ngeles Altamirano Gamboa como el pretender cobrar el uso de las canchas a los alumnos, as\u00ed como el despedir a los profesores para actividades deportivas con el objeto de obstaculizar la labor que realiza la Asociaci\u00f3n de Padres de Familia, \u00e9ste d\u00eda los integrantes de la misma presentaron su renuncia, asegurando no poder continuar trabajando con la profesora que \u00fanicamente quiere ver sus intereses econ\u00f3micos personales.<\/p>\n\n\n\n<p class=\"wp-block-paragraph\">Los padres de familia aseguran que est\u00e1n devolviendo todo el dinero recaudado de las cuotas escolares a los padres de familia, descontando \u00fanicamente lo utilizado en estos meses, y pagando esta quincena al personal contratado por APF para no dejar ning\u00fan saldo pendiente.<\/p>\n\n\n\n<p class=\"wp-block-paragraph\">Los integrantes de la APF que decidieron dejar sus cargos ante la ola de obst\u00e1culos y difamaciones por parte de la titular del colegio, dejaron en claro que por la ineptitud y avaricia de la directora, hizo que se quemara una bomba que recientemente hab\u00eda sido adquirida por la misma APF para el suministro de agua en beneficio de los estudiantes.<\/p>\n\n\n\n<p class=\"wp-block-paragraph\">&#8220;La bomba de agua que se compr\u00f3 y se instal\u00f3 con personal que contrat\u00f3 los directivos del colegio, se quem\u00f3 y seg\u00fan un experto que acudi\u00f3 establece que fue mal colocada, es decir, se quem\u00f3 porque requer\u00eda una conexi\u00f3n a 220 y la instalaron sin ning\u00fan conocimiento a 110, no supieron conectarla y eso se debe a que la directora quiso ahorrarse unos pesos contratando gente que ni siquiera sab\u00eda qu\u00e9 hac\u00eda&#8221;.<\/p>\n\n\n\n<p class=\"wp-block-paragraph\">Manifestaron que desde que lleg\u00f3 la directora, est\u00e1 en contra de todas las actividades deportivas que realizan los estudiantes, al grado de prohibirles utilizar las canchas m\u00faltiples y despedir a todo el personal para actividades recreativas y deportivas, a pesar de que est\u00e9 personal era pagado con las cuotas escolares que aportan cada semestre los padres de familia.<\/p>\n\n\n\n<p class=\"wp-block-paragraph\"><br>Dejaron en claro que, lo mismo sucedi\u00f3 con la cancha de f\u00fatbol r\u00e1pido, ya que nunca estuvo de acuerdo en la inversi\u00f3n, pero ahora que qued\u00f3 espectacular, la directora intenta cobrar a los estudiantes por su uso.<br>&#8220;La directora Mar\u00eda de los \u00c1ngeles quiere que se les cobrara a los estudiantes por equipo para utilizarla, dicha sugerencia fue negada. Le dijimos que nada de eso porque la intenci\u00f3n era que los chicos la puedan ocupar y que era para ellos. Entonces refiri\u00f3 que s\u00f3lo se les permitir\u00eda jugar en el receso y no m\u00e1s. Los pap\u00e1s, hemos visto que los chicos con la cancha anterior la usaban cuando no ten\u00edan maestros o bien cuando sal\u00edan de su turno e incluso los d\u00edas s\u00e1bados cuando hac\u00edan entre ellos un torneo. Preferimos que nuestros hijos hagan deporte y no est\u00e9n pensando en otras cosas que los puedan da\u00f1ar. Ahora nadie puede utilizar esa cancha&#8221;.<\/p>\n\n\n\n<p class=\"wp-block-paragraph\"><strong>A 6 DE MARZO DE 2025, S\u00cdGUENOS EN FACEBOOK REPORTE272<br><\/strong><\/p>\n\n\n\n<p class=\"wp-block-paragraph\"><\/p>\n","protected":false},"excerpt":{"rendered":"<p>Nogales, Ver. (Reporte272 \/Ixio Loaiza).- Debido a malas practicas de la Directora del COBAEV n\u00famero 6 de Nogales, Mar\u00eda de los \u00c1ngeles Altamirano Gamboa como el pretender cobrar el uso de las canchas a los alumnos, as\u00ed como el despedir a los profesores para actividades deportivas con el objeto de obstaculizar la labor que realiza [&hellip;]<\/p>\n","protected":false},"author":2,"featured_media":4184,"comment_status":"open","ping_status":"open","sticky":false,"template":"","format":"standard","meta":{"rop_custom_images_group":[],"rop_custom_messages_group":[],"rop_publish_now":"initial","rop_publish_now_accounts":{"facebook_2001103103558832_108675811699976":""},"rop_publish_now_history":[],"rop_publish_now_status":"pending","footnotes":""},"categories":[5],"tags":[],"class_list":["post-4183","post","type-post","status-publish","format-standard","has-post-thumbnail","hentry","category-local"],"_links":{"self":[{"href":"https:\/\/reporte272.com\/portal\/wp-json\/wp\/v2\/posts\/4183","targetHints":{"allow":["GET"]}}],"collection":[{"href":"https:\/\/reporte272.com\/portal\/wp-json\/wp\/v2\/posts"}],"about":[{"href":"https:\/\/reporte272.com\/portal\/wp-json\/wp\/v2\/types\/post"}],"author":[{"embeddable":true,"href":"https:\/\/reporte272.com\/portal\/wp-json\/wp\/v2\/users\/2"}],"replies":[{"embeddable":true,"href":"https:\/\/reporte272.com\/portal\/wp-json\/wp\/v2\/comments?post=4183"}],"version-history":[{"count":1,"href":"https:\/\/reporte272.com\/portal\/wp-json\/wp\/v2\/posts\/4183\/revisions"}],"predecessor-version":[{"id":4185,"href":"https:\/\/reporte272.com\/portal\/wp-json\/wp\/v2\/posts\/4183\/revisions\/4185"}],"wp:featuredmedia":[{"embeddable":true,"href":"https:\/\/reporte272.com\/portal\/wp-json\/wp\/v2\/media\/4184"}],"wp:attachment":[{"href":"https:\/\/reporte272.com\/portal\/wp-json\/wp\/v2\/media?parent=4183"}],"wp:term":[{"taxonomy":"category","embeddable":true,"href":"https:\/\/reporte272.com\/portal\/wp-json\/wp\/v2\/categories?post=4183"},{"taxonomy":"post_tag","embeddable":true,"href":"https:\/\/reporte272.com\/portal\/wp-json\/wp\/v2\/tags?post=4183"}],"curies":[{"name":"wp","href":"https:\/\/api.w.org\/{rel}","templated":true}]}}