{"id":4189,"date":"2025-03-07T00:11:58","date_gmt":"2025-03-07T00:11:58","guid":{"rendered":"https:\/\/reporte272.com\/portal\/?p=4189"},"modified":"2025-03-07T00:11:59","modified_gmt":"2025-03-07T00:11:59","slug":"chocan-patrullas-de-la-policia-municipal-de-orizaba","status":"publish","type":"post","link":"https:\/\/reporte272.com\/portal\/chocan-patrullas-de-la-policia-municipal-de-orizaba\/","title":{"rendered":"Chocan patrullas de la Polic\u00eda Municipal de Orizaba"},"content":{"rendered":"\n<p class=\"wp-block-paragraph\"><strong>Orizaba, Ver. (Reporte272 \/ Ixio Loaiza).-<\/strong> El choque en \u00e1ngulo entre dos patrullas de la Polic\u00eda Municipal de Orizaba, en calles de la Colonia Francisco Ferrer Guardia, dejando como saldo dos elementos preventivos lesionados, da\u00f1os materiales de consideraci\u00f3n y una inmediata movilizaci\u00f3n de cuerpos policiales y de rescate, as\u00ed como el cierre total de la circulaci\u00f3n vehicular de la Prolongaci\u00f3n de Sur 17.<\/p>\n\n\n\n<p class=\"wp-block-paragraph\">Entre las unidades involucradas se encuentran una patrulla marca Mitsubishi L200, doble cabina con batea y logotipos oficiales de la Polic\u00eda Local, marcada con el n\u00famero econ\u00f3mico BETA-PA-66 y con placas de circulaci\u00f3n VE798A2 del Estado de Veracruz., as\u00ed como otra patrulla marca Volkswagen Jetta Sed\u00e1n, de color azul, con logotipos oficiales de la Corporaci\u00f3n Municipal y marcada con el n\u00famero econ\u00f3mico BETA-PA-86 y laminas de Protecci\u00f3n Civil y Polic\u00eda: 08-129.<\/p>\n\n\n\n<p class=\"wp-block-paragraph\">Al sitio llegaron elementos de la Polic\u00eda Local y Vial, as\u00ed como param\u00e9dicos de Protecci\u00f3n Civil Municipal, los cuales brindaron las primeras atenciones a los dos elementos de la Polic\u00eda Municipal lesionados y los trasladaron a un hospital particular para su atenci\u00f3n m\u00e9dica.<\/p>\n\n\n\n<p class=\"wp-block-paragraph\">Fue el personal de gr\u00faas municipales quien realiz\u00f3 el retiro de las patrullas, las cuales fueron enviadas al encierro de Servicios Municipales (SERMUN), para su reparaci\u00f3n.<\/p>\n","protected":false},"excerpt":{"rendered":"<p>Orizaba, Ver. (Reporte272 \/ Ixio Loaiza).- El choque en \u00e1ngulo entre dos patrullas de la Polic\u00eda Municipal de Orizaba, en calles de la Colonia Francisco Ferrer Guardia, dejando como saldo dos elementos preventivos lesionados, da\u00f1os materiales de consideraci\u00f3n y una inmediata movilizaci\u00f3n de cuerpos policiales y de rescate, as\u00ed como el cierre total de la [&hellip;]<\/p>\n","protected":false},"author":2,"featured_media":4190,"comment_status":"open","ping_status":"open","sticky":false,"template":"","format":"standard","meta":{"rop_custom_images_group":[],"rop_custom_messages_group":[],"rop_publish_now":"initial","rop_publish_now_accounts":{"facebook_2001103103558832_108675811699976":""},"rop_publish_now_history":[],"rop_publish_now_status":"pending","footnotes":""},"categories":[5,9],"tags":[],"class_list":["post-4189","post","type-post","status-publish","format-standard","has-post-thumbnail","hentry","category-local","category-policiaca"],"_links":{"self":[{"href":"https:\/\/reporte272.com\/portal\/wp-json\/wp\/v2\/posts\/4189","targetHints":{"allow":["GET"]}}],"collection":[{"href":"https:\/\/reporte272.com\/portal\/wp-json\/wp\/v2\/posts"}],"about":[{"href":"https:\/\/reporte272.com\/portal\/wp-json\/wp\/v2\/types\/post"}],"author":[{"embeddable":true,"href":"https:\/\/reporte272.com\/portal\/wp-json\/wp\/v2\/users\/2"}],"replies":[{"embeddable":true,"href":"https:\/\/reporte272.com\/portal\/wp-json\/wp\/v2\/comments?post=4189"}],"version-history":[{"count":1,"href":"https:\/\/reporte272.com\/portal\/wp-json\/wp\/v2\/posts\/4189\/revisions"}],"predecessor-version":[{"id":4191,"href":"https:\/\/reporte272.com\/portal\/wp-json\/wp\/v2\/posts\/4189\/revisions\/4191"}],"wp:featuredmedia":[{"embeddable":true,"href":"https:\/\/reporte272.com\/portal\/wp-json\/wp\/v2\/media\/4190"}],"wp:attachment":[{"href":"https:\/\/reporte272.com\/portal\/wp-json\/wp\/v2\/media?parent=4189"}],"wp:term":[{"taxonomy":"category","embeddable":true,"href":"https:\/\/reporte272.com\/portal\/wp-json\/wp\/v2\/categories?post=4189"},{"taxonomy":"post_tag","embeddable":true,"href":"https:\/\/reporte272.com\/portal\/wp-json\/wp\/v2\/tags?post=4189"}],"curies":[{"name":"wp","href":"https:\/\/api.w.org\/{rel}","templated":true}]}}