{"id":4196,"date":"2025-03-07T00:36:16","date_gmt":"2025-03-07T00:36:16","guid":{"rendered":"https:\/\/reporte272.com\/portal\/?p=4196"},"modified":"2025-03-07T00:36:17","modified_gmt":"2025-03-07T00:36:17","slug":"exigen-justicia-por-chaparro","status":"publish","type":"post","link":"https:\/\/reporte272.com\/portal\/exigen-justicia-por-chaparro\/","title":{"rendered":"Exigen justicia por Chaparro"},"content":{"rendered":"\n<p class=\"wp-block-paragraph\"><strong>R\u00edo Blanco, Ver. (Reporte272 \/ Ixio Loaiza).-<\/strong> Comerciantes y habitantes exigen justicia para &#8220;El Chaparro&#8221; un perrito que fue desvivido con un arma punzocortante el pasado 25 de febrero al interior del Mercado Municipal &#8220;Modesto Escalona&#8221;.<\/p>\n\n\n\n<p class=\"wp-block-paragraph\">Los manifestantes se congregaron de manera pac\u00edfica en la explanada Mart\u00edn Torres Padilla para posteriormente sostener una reuni\u00f3n sobre el caso con las autoridades municipales y posteriormente en la explanada del ex palacio Municipal.<\/p>\n\n\n\n<p class=\"wp-block-paragraph\">&#8220;Queremos que se haga justicia porque es un perrito callejero que no le hizo nada a nadie, que no es un ser que se sepa defender, la persona que hizo da\u00f1o yo quisiera que lo agarren porque eso es maltrato animal porque no es la primera vez, circula informaci\u00f3n en internet que anteriormente ya lo hizo en el domicilio que estuvo rentando y francamente no se vale, honestamente yo no estoy tranquila desde ese momento porque es en el Centro de la Ciudad lo que sucedi\u00f3&#8221;, dijo una protestante.<\/p>\n\n\n\n<p class=\"wp-block-paragraph\">Las femeninas en su mayor\u00eda expusieron que la persona que cometi\u00f3 este hecho est\u00e1 trabajando y est\u00e1 haciendo su vida normal y no le han hecho nada por lo que exigieron que se haga justicia y que investiguen a la persona que se est\u00e1 se\u00f1alando y si es el responsable que pague por lo que hizo.<\/p>\n\n\n\n<p class=\"wp-block-paragraph\">&#8220;Demandamos que se puedan ver los videos de las c\u00e1maras de videovigilancia que existen en el mercado municipal as\u00ed como en negocios cercanos en donde ocurrieron los hechos para que se conozca qu\u00e9 fue lo que sucedi\u00f3 y se pueda actuar en consecuencia&#8221;.<\/p>\n\n\n\n<p class=\"wp-block-paragraph\">Los defensores de los derechos de los animales, se trasladaron hasta el ex Palacio Municipal ahora instalaciones del sistema DIF Municipal, en d\u00f3nde protestaron y mostraron sus pancartas en la parte superior del edificio.<\/p>\n\n\n\n<p class=\"wp-block-paragraph\">Ante la impotencia y el enojo, los manifestantes se trasladaron hasta el local en donde presuntamente labora el responsable de los hechos, lanzando consignas tales como asesino y Justicia mientras los trabajadores se manten\u00edan al margen de la situaci\u00f3n para evitar confrontaciones con las personas.<\/p>\n\n\n\n<p class=\"wp-block-paragraph\">Posteriormente regresaron a la extensi\u00f3n del palacio municipal en donde fueron atendidos por el alcalde, qui\u00e9nes les explicaron el seguimiento correspondiente que se le est\u00e1 dando al caso del perrito &#8220;El Chaparro&#8221;.<\/p>\n","protected":false},"excerpt":{"rendered":"<p>R\u00edo Blanco, Ver. (Reporte272 \/ Ixio Loaiza).- Comerciantes y habitantes exigen justicia para &#8220;El Chaparro&#8221; un perrito que fue desvivido con un arma punzocortante el pasado 25 de febrero al interior del Mercado Municipal &#8220;Modesto Escalona&#8221;. Los manifestantes se congregaron de manera pac\u00edfica en la explanada Mart\u00edn Torres Padilla para posteriormente sostener una reuni\u00f3n sobre [&hellip;]<\/p>\n","protected":false},"author":2,"featured_media":4197,"comment_status":"open","ping_status":"open","sticky":false,"template":"","format":"standard","meta":{"rop_custom_images_group":[],"rop_custom_messages_group":[],"rop_publish_now":"initial","rop_publish_now_accounts":{"facebook_2001103103558832_108675811699976":""},"rop_publish_now_history":[],"rop_publish_now_status":"pending","footnotes":""},"categories":[5,10],"tags":[],"class_list":["post-4196","post","type-post","status-publish","format-standard","has-post-thumbnail","hentry","category-local","category-portada"],"_links":{"self":[{"href":"https:\/\/reporte272.com\/portal\/wp-json\/wp\/v2\/posts\/4196","targetHints":{"allow":["GET"]}}],"collection":[{"href":"https:\/\/reporte272.com\/portal\/wp-json\/wp\/v2\/posts"}],"about":[{"href":"https:\/\/reporte272.com\/portal\/wp-json\/wp\/v2\/types\/post"}],"author":[{"embeddable":true,"href":"https:\/\/reporte272.com\/portal\/wp-json\/wp\/v2\/users\/2"}],"replies":[{"embeddable":true,"href":"https:\/\/reporte272.com\/portal\/wp-json\/wp\/v2\/comments?post=4196"}],"version-history":[{"count":1,"href":"https:\/\/reporte272.com\/portal\/wp-json\/wp\/v2\/posts\/4196\/revisions"}],"predecessor-version":[{"id":4198,"href":"https:\/\/reporte272.com\/portal\/wp-json\/wp\/v2\/posts\/4196\/revisions\/4198"}],"wp:featuredmedia":[{"embeddable":true,"href":"https:\/\/reporte272.com\/portal\/wp-json\/wp\/v2\/media\/4197"}],"wp:attachment":[{"href":"https:\/\/reporte272.com\/portal\/wp-json\/wp\/v2\/media?parent=4196"}],"wp:term":[{"taxonomy":"category","embeddable":true,"href":"https:\/\/reporte272.com\/portal\/wp-json\/wp\/v2\/categories?post=4196"},{"taxonomy":"post_tag","embeddable":true,"href":"https:\/\/reporte272.com\/portal\/wp-json\/wp\/v2\/tags?post=4196"}],"curies":[{"name":"wp","href":"https:\/\/api.w.org\/{rel}","templated":true}]}}