{"id":4199,"date":"2025-03-07T06:41:11","date_gmt":"2025-03-07T06:41:11","guid":{"rendered":"https:\/\/reporte272.com\/portal\/?p=4199"},"modified":"2025-03-07T06:41:12","modified_gmt":"2025-03-07T06:41:12","slug":"padres-de-familia-del-cobaev-nogales-respaldan-a-la-asociacion-de-padres","status":"publish","type":"post","link":"https:\/\/reporte272.com\/portal\/padres-de-familia-del-cobaev-nogales-respaldan-a-la-asociacion-de-padres\/","title":{"rendered":"Padres de familia del COBAEV Nogales respaldan a la Asociaci\u00f3n de Padres"},"content":{"rendered":"\n<p class=\"wp-block-paragraph\">**Exigen mejoras en el plantel<\/p>\n\n\n\n<p class=\"wp-block-paragraph\"><strong>Nogales, Ver. (Reporte272 \/ Miguel Hern\u00e1ndez).\u2013<\/strong> M\u00e1s de 200 padres de familia del COBAEV Plantel Nogales se reunieron en el velario de la laguna de Nogales para expresar su respaldo a la Asociaci\u00f3n de Padres de Familia (APF) y exigir soluciones ante diversas problem\u00e1ticas que afectan a la comunidad estudiantil.<\/p>\n\n\n\n<p class=\"wp-block-paragraph\">Durante el encuentro, los tutores manifestaron su inconformidad ante presuntas irregularidades en la administraci\u00f3n del plantel, se\u00f1alando deficiencias en seguridad, limpieza de sanitarios y la incertidumbre sobre la permanencia de instructores contratados por la APF.<\/p>\n\n\n\n<p class=\"wp-block-paragraph\">Uno de los principales se\u00f1alamientos fue la presunta injerencia de la directora, Mar\u00eda de los \u00c1ngeles Altamirano Gamboa, en decisiones que afectan la operatividad de la APF, as\u00ed como el despido de instructores que impart\u00edan actividades art\u00edsticas y deportivas, lo que consideran un perjuicio directo para los estudiantes.<\/p>\n\n\n\n<p class=\"wp-block-paragraph\">Ante esta situaci\u00f3n, los padres reafirmaron su apoyo a la actual dirigencia de la APF, encabezada por Dolores Mart\u00ednez, y destacaron su transparencia en la administraci\u00f3n de recursos. Adem\u00e1s, indicaron que, pese a que su ciclo ha concluido, estar\u00edan dispuestos a reelegirla para dar continuidad a su trabajo.<\/p>\n\n\n\n<p class=\"wp-block-paragraph\">Se espera que el pr\u00f3ximo 22 de marzo, durante la junta general en el plantel a las 10:00 de la ma\u00f1ana, los padres formalicen su respaldo a la APF y soliciten a la directora abstenerse de intervenir en asuntos que no le competen.<\/p>\n","protected":false},"excerpt":{"rendered":"<p>**Exigen mejoras en el plantel Nogales, Ver. (Reporte272 \/ Miguel Hern\u00e1ndez).\u2013 M\u00e1s de 200 padres de familia del COBAEV Plantel Nogales se reunieron en el velario de la laguna de Nogales para expresar su respaldo a la Asociaci\u00f3n de Padres de Familia (APF) y exigir soluciones ante diversas problem\u00e1ticas que afectan a la comunidad estudiantil. [&hellip;]<\/p>\n","protected":false},"author":2,"featured_media":4200,"comment_status":"open","ping_status":"open","sticky":false,"template":"","format":"standard","meta":{"rop_custom_images_group":[],"rop_custom_messages_group":[],"rop_publish_now":"initial","rop_publish_now_accounts":{"facebook_2001103103558832_108675811699976":""},"rop_publish_now_history":[],"rop_publish_now_status":"pending","footnotes":""},"categories":[5,10],"tags":[],"class_list":["post-4199","post","type-post","status-publish","format-standard","has-post-thumbnail","hentry","category-local","category-portada"],"_links":{"self":[{"href":"https:\/\/reporte272.com\/portal\/wp-json\/wp\/v2\/posts\/4199","targetHints":{"allow":["GET"]}}],"collection":[{"href":"https:\/\/reporte272.com\/portal\/wp-json\/wp\/v2\/posts"}],"about":[{"href":"https:\/\/reporte272.com\/portal\/wp-json\/wp\/v2\/types\/post"}],"author":[{"embeddable":true,"href":"https:\/\/reporte272.com\/portal\/wp-json\/wp\/v2\/users\/2"}],"replies":[{"embeddable":true,"href":"https:\/\/reporte272.com\/portal\/wp-json\/wp\/v2\/comments?post=4199"}],"version-history":[{"count":1,"href":"https:\/\/reporte272.com\/portal\/wp-json\/wp\/v2\/posts\/4199\/revisions"}],"predecessor-version":[{"id":4201,"href":"https:\/\/reporte272.com\/portal\/wp-json\/wp\/v2\/posts\/4199\/revisions\/4201"}],"wp:featuredmedia":[{"embeddable":true,"href":"https:\/\/reporte272.com\/portal\/wp-json\/wp\/v2\/media\/4200"}],"wp:attachment":[{"href":"https:\/\/reporte272.com\/portal\/wp-json\/wp\/v2\/media?parent=4199"}],"wp:term":[{"taxonomy":"category","embeddable":true,"href":"https:\/\/reporte272.com\/portal\/wp-json\/wp\/v2\/categories?post=4199"},{"taxonomy":"post_tag","embeddable":true,"href":"https:\/\/reporte272.com\/portal\/wp-json\/wp\/v2\/tags?post=4199"}],"curies":[{"name":"wp","href":"https:\/\/api.w.org\/{rel}","templated":true}]}}