{"id":4202,"date":"2025-03-07T06:53:36","date_gmt":"2025-03-07T06:53:36","guid":{"rendered":"https:\/\/reporte272.com\/portal\/?p=4202"},"modified":"2025-03-07T06:53:37","modified_gmt":"2025-03-07T06:53:37","slug":"comunidad-escolar-se-une-en-marcha-pacifica-por-los-derechos-de-las-mujeres-y-ninas","status":"publish","type":"post","link":"https:\/\/reporte272.com\/portal\/comunidad-escolar-se-une-en-marcha-pacifica-por-los-derechos-de-las-mujeres-y-ninas\/","title":{"rendered":"Comunidad escolar se une en marcha pac\u00edfica por los derechos de las mujeres y ni\u00f1as"},"content":{"rendered":"\n<p class=\"wp-block-paragraph\"><strong>R\u00edo Blanco, Ver. (Reporte272 \/ Miguel Hern\u00e1ndez).-<\/strong> Con motivo del D\u00eda Internacional de la Mujer, la comunidad educativa de la Escuela Bachilleres Oficial de R\u00edo Blanco llev\u00f3 a cabo una manifestaci\u00f3n pac\u00edfica para visibilizar la importancia de la igualdad de g\u00e9nero y el respeto a los derechos de mujeres y ni\u00f1as.<\/p>\n\n\n\n<p class=\"wp-block-paragraph\">La profesora Luz Mar\u00eda Herrera Aguilar, una de las organizadoras del evento, enfatiz\u00f3 que esta actividad busca generar conciencia sobre la necesidad de erradicar la violencia y la discriminaci\u00f3n. \u201cLa educaci\u00f3n juega un papel clave en la construcci\u00f3n de una sociedad m\u00e1s justa e igualitaria\u201d, expres\u00f3.<\/p>\n\n\n\n<p class=\"wp-block-paragraph\">La marcha inici\u00f3 en las instalaciones del plantel y avanz\u00f3 por el Camino Nacional hasta llegar al parque central, pasando por el palacio municipal. Durante el recorrido, estudiantes, docentes, personal administrativo y madres de familia mostraron carteles y mensajes en favor de la equidad de g\u00e9nero.<\/p>\n\n\n\n<p class=\"wp-block-paragraph\">En el acto final, una alumna tom\u00f3 el micr\u00f3fono para leer un manifiesto en el que destac\u00f3 la lucha hist\u00f3rica de las mujeres por sus derechos y la necesidad de continuar trabajando para eliminar el machismo en todos los \u00e1mbitos. \u201cSeguimos alzando la voz por aquellas que a\u00fan enfrentan violencia y desigualdad en sus hogares, escuelas y trabajos\u201d, declar\u00f3.<\/p>\n\n\n\n<p class=\"wp-block-paragraph\">Sobre la situaci\u00f3n dentro del plantel, la profesora Herrera Aguilar mencion\u00f3 que no se han registrado casos de violencia de g\u00e9nero, en parte gracias a las constantes charlas y orientaciones dirigidas a los estudiantes, las cuales buscan fortalecer una cultura de respeto y equidad dentro y fuera de la escuela.<\/p>\n\n\n\n<p class=\"wp-block-paragraph\"><strong>A 7 de marzo de 2025, s\u00edguenos en Facebook Reporte272<\/strong><\/p>\n\n\n\n<p class=\"wp-block-paragraph\"><\/p>\n","protected":false},"excerpt":{"rendered":"<p>R\u00edo Blanco, Ver. (Reporte272 \/ Miguel Hern\u00e1ndez).- Con motivo del D\u00eda Internacional de la Mujer, la comunidad educativa de la Escuela Bachilleres Oficial de R\u00edo Blanco llev\u00f3 a cabo una manifestaci\u00f3n pac\u00edfica para visibilizar la importancia de la igualdad de g\u00e9nero y el respeto a los derechos de mujeres y ni\u00f1as. La profesora Luz Mar\u00eda [&hellip;]<\/p>\n","protected":false},"author":2,"featured_media":4203,"comment_status":"open","ping_status":"open","sticky":false,"template":"","format":"standard","meta":{"rop_custom_images_group":[],"rop_custom_messages_group":[],"rop_publish_now":"initial","rop_publish_now_accounts":{"facebook_2001103103558832_108675811699976":""},"rop_publish_now_history":[],"rop_publish_now_status":"pending","footnotes":""},"categories":[5],"tags":[],"class_list":["post-4202","post","type-post","status-publish","format-standard","has-post-thumbnail","hentry","category-local"],"_links":{"self":[{"href":"https:\/\/reporte272.com\/portal\/wp-json\/wp\/v2\/posts\/4202","targetHints":{"allow":["GET"]}}],"collection":[{"href":"https:\/\/reporte272.com\/portal\/wp-json\/wp\/v2\/posts"}],"about":[{"href":"https:\/\/reporte272.com\/portal\/wp-json\/wp\/v2\/types\/post"}],"author":[{"embeddable":true,"href":"https:\/\/reporte272.com\/portal\/wp-json\/wp\/v2\/users\/2"}],"replies":[{"embeddable":true,"href":"https:\/\/reporte272.com\/portal\/wp-json\/wp\/v2\/comments?post=4202"}],"version-history":[{"count":1,"href":"https:\/\/reporte272.com\/portal\/wp-json\/wp\/v2\/posts\/4202\/revisions"}],"predecessor-version":[{"id":4204,"href":"https:\/\/reporte272.com\/portal\/wp-json\/wp\/v2\/posts\/4202\/revisions\/4204"}],"wp:featuredmedia":[{"embeddable":true,"href":"https:\/\/reporte272.com\/portal\/wp-json\/wp\/v2\/media\/4203"}],"wp:attachment":[{"href":"https:\/\/reporte272.com\/portal\/wp-json\/wp\/v2\/media?parent=4202"}],"wp:term":[{"taxonomy":"category","embeddable":true,"href":"https:\/\/reporte272.com\/portal\/wp-json\/wp\/v2\/categories?post=4202"},{"taxonomy":"post_tag","embeddable":true,"href":"https:\/\/reporte272.com\/portal\/wp-json\/wp\/v2\/tags?post=4202"}],"curies":[{"name":"wp","href":"https:\/\/api.w.org\/{rel}","templated":true}]}}