{"id":4208,"date":"2025-03-08T07:14:58","date_gmt":"2025-03-08T07:14:58","guid":{"rendered":"https:\/\/reporte272.com\/portal\/?p=4208"},"modified":"2025-03-08T07:14:59","modified_gmt":"2025-03-08T07:14:59","slug":"se-espera-fuerte-surada-en-el-valle-de-orizaba-luego-habra-norte","status":"publish","type":"post","link":"https:\/\/reporte272.com\/portal\/se-espera-fuerte-surada-en-el-valle-de-orizaba-luego-habra-norte\/","title":{"rendered":"Se espera fuerte surada en el Valle de Orizaba; luego habr\u00e1 Norte"},"content":{"rendered":"\n<p class=\"wp-block-paragraph\">\u26a0\ufe0f\ud83c\udf2c\ud83e\udd75\ud83e\udd76\u26c8\ufe0f\ud83c\udf2c\ud83d\udce2 #Prevenidos #Surada #Calor #FrenteFr\u00edo33 #Lluvias #Norte <\/p>\n\n\n\n<p class=\"wp-block-paragraph\"><strong>Orizaba, Ver. (Reporte272 \/ David Alavez Cabra). &#8211;<\/strong> El pron\u00f3stico indica que, el s\u00e1bado 8 de marzo del 2025, el ambiente se tornar\u00e1 c\u00e1lido a muy c\u00e1lido por la intensificaci\u00f3n de un evento de Surada y posteriormente, el domingo 9 se presentar\u00e1 otro evento de Norte con rachas violentas.<\/p>\n\n\n\n<p class=\"wp-block-paragraph\">El Frente Fr\u00edo n\u00famero 33 asociado a ello y su #Masa\u00c1rtica que lo impulsa, dejar\u00eda lluvias y posibles tormentas (acompa\u00f1adas de actividad el\u00e9ctrica y viento arrachado) especialmente en cuencas del sur del estado y la temperatura descender\u00eda ese d\u00eda y el lunes 10, para aumentar a partir del martes 11. Estas condiciones son favorables para el desarrollo y propagaci\u00f3n de #IncendiosForestales, de #Pastizales y #Basureros al aire libre. Extremen precauciones en el manejo del fuego. Por ello, la Secretar\u00eda de Protecci\u00f3n Civil del estado de Veracruz emiti\u00f3 la #AlertaGris del Sistema de Alerta Temprana en Veracruz (#SIAT_VER).<\/p>\n\n\n\n<p class=\"wp-block-paragraph\">\ud83d\udd34\ud83c\udf2c\ud83e\udd75\u2b06\ufe0f\ud83c\udf21\u26c8\ufe0f\ud83e\udd76\ud83c\udf0aEn las pr\u00f3ximas horas, se prev\u00e9 ambiente caluroso a muy caluroso al mediod\u00eda y tarde, y un evento de Surada con rachas m\u00e1ximas de 55 a 70 kil\u00f3metros por hora (km\/h) en la regi\u00f3n de los Tuxtlas y entre Jes\u00fas Carranza-Acayucan y <strong>de 45 a 60 km\/h en la costa norte, valle de Perote y zona de Orizaba.<\/strong> Las temperaturas m\u00e1ximas ser\u00e1n de 32-42 grados Celsius en la zona norte; 33-37\u2070 C en monta\u00f1as; 35-37\u2070 C en costa central; y 34-42\u2070 C en zona sur. El domingo, las condiciones para lloviznas y lluvias con algunas tormentas aisladas aumentan con acumulados de 5 a 20 mil\u00edmetros (mm) de manera general y m\u00e1ximos de 20 a 50 mm, especialmente en sectores de la zona sur, asimismo se establece un evento de Norte de 60 a 75 km\/h con rachas m\u00e1ximas de 85 a 100 km\/h en costas y de 50 a 65 km\/h entre Xalapa-Naolinco-Misantla y valle de Perote con oleaje de 2.0 a 3.0 metros de altura. Adem\u00e1s, los valores de temperatura m\u00e1xima disminuyen ese d\u00eda y el lunes. Nieblas y Neblinas.<\/p>\n\n\n\n<p class=\"wp-block-paragraph\">\ud83d\udd34\ud83c\udf2c\ud83e\udd75\ud83d\udd25\ud83e\udd76\ud83c\udf0a\u26c8\ufe0fPrev\u00e9nganse por posibilidad de destechamiento de casas, ca\u00edda de \u00e1rboles u otros objetos, as\u00ed como suspensi\u00f3n de servicios estrat\u00e9gicos por la fuerza del viento de Surada y del Norte. Hidratense bien ingiriendo abundantes l\u00edquidos por calor y altas temperaturas, usen ropa delgada de colores y manga larga, eviten en lo posible estar mucho tiempo bajo los rayos del sol. Luego, disminuye temperatura; posibles #Deslaves, #Derrumbes y #Deslizamientos de tierra, crecida s\u00fabita de r\u00edos y arroyos de respuesta r\u00e1pida en \u00e1reas de lluvias. Atentos automovilistas por reducci\u00f3n de la visibilidad en caminos y carreteras por las precipitaciones pluviales, las Nieblas y Neblinas.<\/p>\n\n\n\n<p class=\"wp-block-paragraph\">\u26a0\ufe0fSe exhorta a la poblaci\u00f3n a cuidar muy bien de ni\u00f1os y adultos mayores, especialmente ante los cambios bruscos de temperatura que se dar\u00e1n. Recuerden #EstamosPreviniendo.<\/p>\n","protected":false},"excerpt":{"rendered":"<p>\u26a0\ufe0f\ud83c\udf2c\ud83e\udd75\ud83e\udd76\u26c8\ufe0f\ud83c\udf2c\ud83d\udce2 #Prevenidos #Surada #Calor #FrenteFr\u00edo33 #Lluvias #Norte Orizaba, Ver. (Reporte272 \/ David Alavez Cabra). &#8211; El pron\u00f3stico indica que, el s\u00e1bado 8 de marzo del 2025, el ambiente se tornar\u00e1 c\u00e1lido a muy c\u00e1lido por la intensificaci\u00f3n de un evento de Surada y posteriormente, el domingo 9 se presentar\u00e1 otro evento de Norte con rachas [&hellip;]<\/p>\n","protected":false},"author":2,"featured_media":4209,"comment_status":"open","ping_status":"open","sticky":false,"template":"","format":"standard","meta":{"rop_custom_images_group":[],"rop_custom_messages_group":[],"rop_publish_now":"initial","rop_publish_now_accounts":{"facebook_2001103103558832_108675811699976":""},"rop_publish_now_history":[],"rop_publish_now_status":"pending","footnotes":""},"categories":[6,5,10],"tags":[],"class_list":["post-4208","post","type-post","status-publish","format-standard","has-post-thumbnail","hentry","category-estatal","category-local","category-portada"],"_links":{"self":[{"href":"https:\/\/reporte272.com\/portal\/wp-json\/wp\/v2\/posts\/4208","targetHints":{"allow":["GET"]}}],"collection":[{"href":"https:\/\/reporte272.com\/portal\/wp-json\/wp\/v2\/posts"}],"about":[{"href":"https:\/\/reporte272.com\/portal\/wp-json\/wp\/v2\/types\/post"}],"author":[{"embeddable":true,"href":"https:\/\/reporte272.com\/portal\/wp-json\/wp\/v2\/users\/2"}],"replies":[{"embeddable":true,"href":"https:\/\/reporte272.com\/portal\/wp-json\/wp\/v2\/comments?post=4208"}],"version-history":[{"count":1,"href":"https:\/\/reporte272.com\/portal\/wp-json\/wp\/v2\/posts\/4208\/revisions"}],"predecessor-version":[{"id":4210,"href":"https:\/\/reporte272.com\/portal\/wp-json\/wp\/v2\/posts\/4208\/revisions\/4210"}],"wp:featuredmedia":[{"embeddable":true,"href":"https:\/\/reporte272.com\/portal\/wp-json\/wp\/v2\/media\/4209"}],"wp:attachment":[{"href":"https:\/\/reporte272.com\/portal\/wp-json\/wp\/v2\/media?parent=4208"}],"wp:term":[{"taxonomy":"category","embeddable":true,"href":"https:\/\/reporte272.com\/portal\/wp-json\/wp\/v2\/categories?post=4208"},{"taxonomy":"post_tag","embeddable":true,"href":"https:\/\/reporte272.com\/portal\/wp-json\/wp\/v2\/tags?post=4208"}],"curies":[{"name":"wp","href":"https:\/\/api.w.org\/{rel}","templated":true}]}}