{"id":4211,"date":"2025-03-08T07:19:54","date_gmt":"2025-03-08T07:19:54","guid":{"rendered":"https:\/\/reporte272.com\/portal\/?p=4211"},"modified":"2025-03-08T07:19:55","modified_gmt":"2025-03-08T07:19:55","slug":"pacto-de-unidad-en-orizaba-con-hugo-chahin-kuri","status":"publish","type":"post","link":"https:\/\/reporte272.com\/portal\/pacto-de-unidad-en-orizaba-con-hugo-chahin-kuri\/","title":{"rendered":"Pacto de unidad en Orizaba con Hugo Chah\u00edn Kuri"},"content":{"rendered":"\n<p class=\"wp-block-paragraph\"><strong>Orizaba, Ver.-<\/strong> Con un mensaje de unidad de que el PRI de Orizaba es diferente, porque sabe gobernar y mantiene el rumbo hacia la elecci\u00f3n del 02 de junio pr\u00f3ximo con un candidato calificado y que ama a la ciudad, hoy se realiz\u00f3 una reuni\u00f3n hist\u00f3rica en la que participaron l\u00edderes de los sectores de Orizaba para ir como uno solo a defender la ciudad y, depositando en el candidato del PRI a la alcald\u00eda, Hugo Chah\u00edn Kuri, la confianza y respaldo del pueblo.<\/p>\n\n\n\n<p class=\"wp-block-paragraph\">Los empresarios, deportistas, directivos de asociaciones, organizaciones sociales y vecinales, as\u00ed como los otros aspirantes del PRI que declinaron para dejar que Hugo sea el \u00fanico precandidato, se comprometieron a defender Orizaba.<\/p>\n\n\n\n<p class=\"wp-block-paragraph\">La reuni\u00f3n la presidi\u00f3 Juan Manuel Diez Francos, que en calidad de primer priista de Orizaba llam\u00f3 a los presentes a pensar en la ciudad y que lo importante sea justamente votar el 01 de junio por Orizaba.<\/p>\n\n\n\n<p class=\"wp-block-paragraph\">Hugo Chahin Kuri recibi\u00f3 muestras de apoyo y cari\u00f1o del pueblo para que se convierta en el candidato de unidad y virtual alcalde de Orizaba con el voto de los orizabe\u00f1os.<\/p>\n\n\n\n<p class=\"wp-block-paragraph\"><strong>A 8 de marzo de 2025, s\u00edguenos en Facebook Reporte272<\/strong><\/p>\n","protected":false},"excerpt":{"rendered":"<p>Orizaba, Ver.- Con un mensaje de unidad de que el PRI de Orizaba es diferente, porque sabe gobernar y mantiene el rumbo hacia la elecci\u00f3n del 02 de junio pr\u00f3ximo con un candidato calificado y que ama a la ciudad, hoy se realiz\u00f3 una reuni\u00f3n hist\u00f3rica en la que participaron l\u00edderes de los sectores de [&hellip;]<\/p>\n","protected":false},"author":2,"featured_media":4212,"comment_status":"open","ping_status":"open","sticky":false,"template":"","format":"standard","meta":{"rop_custom_images_group":[],"rop_custom_messages_group":[],"rop_publish_now":"initial","rop_publish_now_accounts":{"facebook_2001103103558832_108675811699976":""},"rop_publish_now_history":[],"rop_publish_now_status":"pending","footnotes":""},"categories":[5,10],"tags":[],"class_list":["post-4211","post","type-post","status-publish","format-standard","has-post-thumbnail","hentry","category-local","category-portada"],"_links":{"self":[{"href":"https:\/\/reporte272.com\/portal\/wp-json\/wp\/v2\/posts\/4211","targetHints":{"allow":["GET"]}}],"collection":[{"href":"https:\/\/reporte272.com\/portal\/wp-json\/wp\/v2\/posts"}],"about":[{"href":"https:\/\/reporte272.com\/portal\/wp-json\/wp\/v2\/types\/post"}],"author":[{"embeddable":true,"href":"https:\/\/reporte272.com\/portal\/wp-json\/wp\/v2\/users\/2"}],"replies":[{"embeddable":true,"href":"https:\/\/reporte272.com\/portal\/wp-json\/wp\/v2\/comments?post=4211"}],"version-history":[{"count":1,"href":"https:\/\/reporte272.com\/portal\/wp-json\/wp\/v2\/posts\/4211\/revisions"}],"predecessor-version":[{"id":4213,"href":"https:\/\/reporte272.com\/portal\/wp-json\/wp\/v2\/posts\/4211\/revisions\/4213"}],"wp:featuredmedia":[{"embeddable":true,"href":"https:\/\/reporte272.com\/portal\/wp-json\/wp\/v2\/media\/4212"}],"wp:attachment":[{"href":"https:\/\/reporte272.com\/portal\/wp-json\/wp\/v2\/media?parent=4211"}],"wp:term":[{"taxonomy":"category","embeddable":true,"href":"https:\/\/reporte272.com\/portal\/wp-json\/wp\/v2\/categories?post=4211"},{"taxonomy":"post_tag","embeddable":true,"href":"https:\/\/reporte272.com\/portal\/wp-json\/wp\/v2\/tags?post=4211"}],"curies":[{"name":"wp","href":"https:\/\/api.w.org\/{rel}","templated":true}]}}