{"id":4218,"date":"2025-03-08T20:36:57","date_gmt":"2025-03-08T20:36:57","guid":{"rendered":"https:\/\/reporte272.com\/portal\/?p=4218"},"modified":"2025-03-08T20:36:58","modified_gmt":"2025-03-08T20:36:58","slug":"colegio-de-arquitectos-cordoba-orizaba-comision-nacional-de-arquitectas-fcarm-reconoce-labor-de-rosario-zepeda","status":"publish","type":"post","link":"https:\/\/reporte272.com\/portal\/colegio-de-arquitectos-cordoba-orizaba-comision-nacional-de-arquitectas-fcarm-reconoce-labor-de-rosario-zepeda\/","title":{"rendered":"Colegio de Arquitectos C\u00f3rdoba Orizaba, Comisi\u00f3n Nacional de Arquitectas FCARM reconoce labor de Rosario Zepeda."},"content":{"rendered":"\n<p class=\"wp-block-paragraph\">En el marco del d\u00eda internacional de la mujer, el Colegio de Arquitectos C\u00f3rdoba-Orizaba A.C. realiza sus conferencias en el centro cultural Casa Baltazar, donde destaco el trabajo que realizan sus agremiadas en favor de las mujeres, con la conferencia \u201cDel Caos a la plenitud\u201d con la participaci\u00f3n de la Lic. Cecilia C\u00e1rdenas Aguilar como ponente., al igual de otras participaciones, tal fue el caso de la Mtra. Arq. Rosario Zepeda quien recibi\u00f3 un reconocimiento junto a la Arq. Elizabeth Vargas Aponte por su gran trabajo como coordinadoras de arquitectas FCAR2023- 2024.<\/p>\n\n\n\n<p class=\"wp-block-paragraph\">La Arq. Rosario Zepeda destaco el trabajo que se realizo en la Federaci\u00f3n de Colegios de Arquitectos de la Republica Mexicana en favor de las mujeres, \u201cEstoy contenta por este reconocimiento que eh recibido, se trabaja muy fuerte en el colegio de arquitectos para y con las mujeres, estamos demostrando el trabajo que realizamos cada d\u00eda en nuestra profesi\u00f3n, con un trabajo en equipo profesional llegamos a grandes logros y beneficios para todos como agremiados a este colegio, a la federaci\u00f3n agradezco su apoyo invaluable para resaltar el trabajo que realizamos como colegio en la zona de las altas monta\u00f1as, reconozco la lucha por la igualdad de g\u00e9nero y reflexionar sobre los desaf\u00edos que a\u00fan persisten. <\/p>\n\n\n\n<p class=\"wp-block-paragraph\">Es un momento para honrar a aquellas que han abierto caminos, a las que luchan por sus derechos y a las que contin\u00faan inspirando a futuras generaciones. Recordemos que la igualdad y el respeto son fundamentales, y que cada esfuerzo cuenta en la construcci\u00f3n de un mundo m\u00e1s justo y equitativo para todos. \u00a1Juntas somos m\u00e1s fuertes! &#8220;destac\u00f3 la Maestra Zepeda.<\/p>\n\n\n\n<p class=\"wp-block-paragraph\"><br>Tambi\u00e9n agradece la invitaci\u00f3n por parte de la Arq. Rosalba Villase\u00f1or quien actualmente es coordinadora Nacional de Arquitectas de la Federaci\u00f3n de Colegios de Arquitectos de la Rep\u00fablica Mexicana, y a la Arq Ceci Rosiles Hern\u00e1ndez.<\/p>\n\n\n\n<p class=\"wp-block-paragraph\">Adem\u00e1s, la Coordinaci\u00f3n de FCARM Arquitectas, del Colegio de Arquitectos C\u00f3rdoba-Orizaba A.C., expreso que esta generaci\u00f3n es un semillero de profesionistas destacadas que a\u00f1o con a\u00f1o han dado prestigio al mismo por sus logros, feliz d\u00eda Arquitectas.<\/p>\n","protected":false},"excerpt":{"rendered":"<p>En el marco del d\u00eda internacional de la mujer, el Colegio de Arquitectos C\u00f3rdoba-Orizaba A.C. realiza sus conferencias en el centro cultural Casa Baltazar, donde destaco el trabajo que realizan sus agremiadas en favor de las mujeres, con la conferencia \u201cDel Caos a la plenitud\u201d con la participaci\u00f3n de la Lic. Cecilia C\u00e1rdenas Aguilar como [&hellip;]<\/p>\n","protected":false},"author":2,"featured_media":4219,"comment_status":"open","ping_status":"open","sticky":false,"template":"","format":"standard","meta":{"rop_custom_images_group":[],"rop_custom_messages_group":[],"rop_publish_now":"initial","rop_publish_now_accounts":{"facebook_2001103103558832_108675811699976":""},"rop_publish_now_history":[],"rop_publish_now_status":"pending","footnotes":""},"categories":[5],"tags":[],"class_list":["post-4218","post","type-post","status-publish","format-standard","has-post-thumbnail","hentry","category-local"],"_links":{"self":[{"href":"https:\/\/reporte272.com\/portal\/wp-json\/wp\/v2\/posts\/4218","targetHints":{"allow":["GET"]}}],"collection":[{"href":"https:\/\/reporte272.com\/portal\/wp-json\/wp\/v2\/posts"}],"about":[{"href":"https:\/\/reporte272.com\/portal\/wp-json\/wp\/v2\/types\/post"}],"author":[{"embeddable":true,"href":"https:\/\/reporte272.com\/portal\/wp-json\/wp\/v2\/users\/2"}],"replies":[{"embeddable":true,"href":"https:\/\/reporte272.com\/portal\/wp-json\/wp\/v2\/comments?post=4218"}],"version-history":[{"count":1,"href":"https:\/\/reporte272.com\/portal\/wp-json\/wp\/v2\/posts\/4218\/revisions"}],"predecessor-version":[{"id":4220,"href":"https:\/\/reporte272.com\/portal\/wp-json\/wp\/v2\/posts\/4218\/revisions\/4220"}],"wp:featuredmedia":[{"embeddable":true,"href":"https:\/\/reporte272.com\/portal\/wp-json\/wp\/v2\/media\/4219"}],"wp:attachment":[{"href":"https:\/\/reporte272.com\/portal\/wp-json\/wp\/v2\/media?parent=4218"}],"wp:term":[{"taxonomy":"category","embeddable":true,"href":"https:\/\/reporte272.com\/portal\/wp-json\/wp\/v2\/categories?post=4218"},{"taxonomy":"post_tag","embeddable":true,"href":"https:\/\/reporte272.com\/portal\/wp-json\/wp\/v2\/tags?post=4218"}],"curies":[{"name":"wp","href":"https:\/\/api.w.org\/{rel}","templated":true}]}}