{"id":4221,"date":"2025-03-08T20:49:48","date_gmt":"2025-03-08T20:49:48","guid":{"rendered":"https:\/\/reporte272.com\/portal\/?p=4221"},"modified":"2025-03-08T20:49:50","modified_gmt":"2025-03-08T20:49:50","slug":"rinden-tributo-al-gral-camerino-z-mendoza-heroe-de-la-revolucion-mexicana","status":"publish","type":"post","link":"https:\/\/reporte272.com\/portal\/rinden-tributo-al-gral-camerino-z-mendoza-heroe-de-la-revolucion-mexicana\/","title":{"rendered":"Rinden tributo al Gral. Camerino Z. Mendoza, h\u00e9roe de la Revoluci\u00f3n Mexicana"},"content":{"rendered":"\n<p class=\"wp-block-paragraph\"><strong>Camerino Z. Mendoza, Ver. A 08 de marzo de 2025.-<\/strong> En conmemoraci\u00f3n del 112\u00ba Aniversario Luctuoso del General Camerino Zeferino Mendoza, autoridades municipales, familiares, estudiantes y ciudadanos, se reunieron para rendir tributo a este destacado h\u00e9roe de la Revoluci\u00f3n Mexicana.<\/p>\n\n\n\n<p class=\"wp-block-paragraph\">El presidente municipal, C. H\u00e9ctor Rodr\u00edguez Cort\u00e9s, acompa\u00f1ado de integrantes del cabildo, directores, coordinadores y descendientes del ilustre personaje, encabez\u00f3 la ceremonia de honores y la colocaci\u00f3n de ofrendas florales.<\/p>\n\n\n\n<p class=\"wp-block-paragraph\">El homenaje inici\u00f3 en los Arcos de entrada a la ciudad, donde se encuentra un busto del General, con la colocaci\u00f3n de la primera ofrenda floral. Desde all\u00ed, un contingente conformado por autoridades municipales, familiares, empleados del ayuntamiento, ex trabajadores textiles y ciudadanos, marcharon hasta la Rotonda de los Hombres Ilustres, ubicada en la entrada del Pante\u00f3n Municipal.<br>Durante la ceremonia, la sobrina bisnieta del General Mendoza, Lic. Alma Ang\u00e9lica Falc\u00f3n Mej\u00edas, dirigi\u00f3 un emotivo mensaje: \u201cHonrar a nuestros h\u00e9roes y m\u00e1rtires, es hoy en d\u00eda, m\u00e1s importante que nunca porque es gracias a la celebraci\u00f3n de eventos c\u00edvicos, tan importantes como este, que las nuevas generaciones logran tomar conciencia y ejemplo de los ideales y del patriotismo que movi\u00f3 a nuestros h\u00e9roes nacionales, manteni\u00e9ndolos vivos en nuestra memoria\u201d, dijo.<br>En el evento estuvieron presentes, el Alcalde H\u00e9ctor Rodr\u00edguez Cort\u00e9s; el regidor primero, C. Francisco Gorozpe Garc\u00eda; el secretario del Ayuntamiento, Lic. Gustavo S\u00e1nchez Ortiz; el tesorero municipal, LFCP Abel V\u00e1zquez Flores; el oficial mayor, Lic. Gerardo Mart\u00ednez Montesinos.<br>Tambi\u00e9n asistieron, la directora de la Escuela Primaria \u201cCamerino Z. Mendoza\u201d, maestra Joselyn Escobar Matus; y representante de la Uni\u00f3n de Jubilados, Viudas y Pensionados de \u201cSanta Rosa\u201d, C. Bernardo Rend\u00f3n Herrera; y el ex alcalde, Arq. Jorge Olgu\u00edn Barrag\u00e1n.<br>Los descendientes del Gral. Mendoza, sus sobrinos nietos: Consuelo Carrasco Mendoza, Marisol Jim\u00e9nez Carrasco, Sandra Jim\u00e9nez Carrasco, Aida Jim\u00e9nez Carrasco, Maribel Jim\u00e9nez Carrasco, y C\u00e9sar Yamel Jim\u00e9nez Carrasco.<br>En honor al h\u00e9roe, alumnos de sexto grado de la Escuela Primaria \u201cCamerino Z. Mendoza\u201d declamaron una poes\u00eda coral, mientras que el ex trabajador de la CIVSA, C. Bernardo Rend\u00f3n Herrera, ofreci\u00f3 un breve discurso sobre la importancia del legado del General.<br>Finalmente, autoridades municipales, familiares y ex trabajadores textiles depositaron una ofrenda floral en el centro de la Rotonda de los Hombres Ilustres, reafirmando el compromiso de preservar la memoria y los valores de Camerino Z. Mendoza para las futuras generaciones.<\/p>\n","protected":false},"excerpt":{"rendered":"<p>Camerino Z. Mendoza, Ver. A 08 de marzo de 2025.- En conmemoraci\u00f3n del 112\u00ba Aniversario Luctuoso del General Camerino Zeferino Mendoza, autoridades municipales, familiares, estudiantes y ciudadanos, se reunieron para rendir tributo a este destacado h\u00e9roe de la Revoluci\u00f3n Mexicana. El presidente municipal, C. H\u00e9ctor Rodr\u00edguez Cort\u00e9s, acompa\u00f1ado de integrantes del cabildo, directores, coordinadores y [&hellip;]<\/p>\n","protected":false},"author":2,"featured_media":4222,"comment_status":"open","ping_status":"open","sticky":false,"template":"","format":"standard","meta":{"rop_custom_images_group":[],"rop_custom_messages_group":[],"rop_publish_now":"initial","rop_publish_now_accounts":{"facebook_2001103103558832_108675811699976":""},"rop_publish_now_history":[],"rop_publish_now_status":"pending","footnotes":""},"categories":[5],"tags":[],"class_list":["post-4221","post","type-post","status-publish","format-standard","has-post-thumbnail","hentry","category-local"],"_links":{"self":[{"href":"https:\/\/reporte272.com\/portal\/wp-json\/wp\/v2\/posts\/4221","targetHints":{"allow":["GET"]}}],"collection":[{"href":"https:\/\/reporte272.com\/portal\/wp-json\/wp\/v2\/posts"}],"about":[{"href":"https:\/\/reporte272.com\/portal\/wp-json\/wp\/v2\/types\/post"}],"author":[{"embeddable":true,"href":"https:\/\/reporte272.com\/portal\/wp-json\/wp\/v2\/users\/2"}],"replies":[{"embeddable":true,"href":"https:\/\/reporte272.com\/portal\/wp-json\/wp\/v2\/comments?post=4221"}],"version-history":[{"count":1,"href":"https:\/\/reporte272.com\/portal\/wp-json\/wp\/v2\/posts\/4221\/revisions"}],"predecessor-version":[{"id":4223,"href":"https:\/\/reporte272.com\/portal\/wp-json\/wp\/v2\/posts\/4221\/revisions\/4223"}],"wp:featuredmedia":[{"embeddable":true,"href":"https:\/\/reporte272.com\/portal\/wp-json\/wp\/v2\/media\/4222"}],"wp:attachment":[{"href":"https:\/\/reporte272.com\/portal\/wp-json\/wp\/v2\/media?parent=4221"}],"wp:term":[{"taxonomy":"category","embeddable":true,"href":"https:\/\/reporte272.com\/portal\/wp-json\/wp\/v2\/categories?post=4221"},{"taxonomy":"post_tag","embeddable":true,"href":"https:\/\/reporte272.com\/portal\/wp-json\/wp\/v2\/tags?post=4221"}],"curies":[{"name":"wp","href":"https:\/\/api.w.org\/{rel}","templated":true}]}}