{"id":4232,"date":"2025-03-11T14:15:47","date_gmt":"2025-03-11T14:15:47","guid":{"rendered":"https:\/\/reporte272.com\/portal\/?p=4232"},"modified":"2025-03-11T14:15:48","modified_gmt":"2025-03-11T14:15:48","slug":"remufever-respalda-a-activistas-de-marea-verde-altas-montanas-y-rechaza-acusaciones","status":"publish","type":"post","link":"https:\/\/reporte272.com\/portal\/remufever-respalda-a-activistas-de-marea-verde-altas-montanas-y-rechaza-acusaciones\/","title":{"rendered":"Remufever respalda a activistas de Marea Verde Altas Monta\u00f1as y rechaza acusaciones"},"content":{"rendered":"\n<p class=\"wp-block-paragraph\"><strong>Orizaba, Ver. (Reporte272 \/ Miguel Hern\u00e1ndez).-<\/strong> La Red de Mujeres Feministas de Veracruz (Remufever) expres\u00f3 su apoyo a las activistas Luz Mar\u00eda Reyes y Arlette Cer\u00f3n, integrantes de Marea Verde Altas Monta\u00f1as, luego de que fueran se\u00f1aladas en redes sociales por presunta agresi\u00f3n contra la reportera Yeni Gonz\u00e1lez L\u00f3pez durante la marcha del 8 de marzo en Orizaba.<\/p>\n\n\n\n<p class=\"wp-block-paragraph\">A trav\u00e9s de un comunicado, la organizaci\u00f3n feminista desminti\u00f3 dichas acusaciones, argumentando que no existen pruebas que sustenten la versi\u00f3n de los hechos difundida en algunos medios de comunicaci\u00f3n.<\/p>\n\n\n\n<pre class=\"wp-block-code\"><code>\u201cEn ninguno de los videos que circulan en redes se observa una agresi\u00f3n f\u00edsica. Estas acusaciones solo buscan generar odio y desinformaci\u00f3n en torno al movimiento feminista\u201d, expuso Remufever.<\/code><\/pre>\n\n\n\n<p class=\"wp-block-paragraph\">Asimismo, la Red explic\u00f3 que la manifestaci\u00f3n cont\u00f3 con protocolos de cobertura period\u00edstica para proteger la identidad de las participantes, una medida establecida para resguardar su seguridad. Seg\u00fan el comunicado, la reportera Yeni Gonz\u00e1lez fue informada de estos lineamientos, pero decidi\u00f3 no seguirlos.<\/p>\n\n\n\n<p class=\"wp-block-paragraph\">Exigen garant\u00edas para activistas<\/p>\n\n\n\n<p class=\"wp-block-paragraph\">Remufever tambi\u00e9n expres\u00f3 su preocupaci\u00f3n por la seguridad de Luz Mar\u00eda Reyes y Arlette Cer\u00f3n, pues la difusi\u00f3n de sus nombres ha desencadenado una ola de ataques en su contra.<\/p>\n\n\n\n<p class=\"wp-block-paragraph\">En este contexto, hizo un llamado a los medios de comunicaci\u00f3n a ejercer un periodismo responsable y a evitar la criminalizaci\u00f3n de la protesta feminista.<\/p>\n\n\n\n<pre class=\"wp-block-code\"><code>\u201cEl movimiento feminista no est\u00e1 en contra del ejercicio period\u00edstico. Nuestra lucha es por los derechos de todas, incluidas las mujeres que trabajan en los medios de comunicaci\u00f3n\u201d, enfatiz\u00f3 la organizaci\u00f3n.<\/code><\/pre>\n\n\n\n<p class=\"wp-block-paragraph\">Finalmente, reiteraron su exigencia de respeto a la libre manifestaci\u00f3n y a la integridad de quienes participan en ella, as\u00ed como la necesidad de generar espacios seguros tanto para activistas como para periodistas.<\/p>\n","protected":false},"excerpt":{"rendered":"<p>Orizaba, Ver. (Reporte272 \/ Miguel Hern\u00e1ndez).- La Red de Mujeres Feministas de Veracruz (Remufever) expres\u00f3 su apoyo a las activistas Luz Mar\u00eda Reyes y Arlette Cer\u00f3n, integrantes de Marea Verde Altas Monta\u00f1as, luego de que fueran se\u00f1aladas en redes sociales por presunta agresi\u00f3n contra la reportera Yeni Gonz\u00e1lez L\u00f3pez durante la marcha del 8 de [&hellip;]<\/p>\n","protected":false},"author":2,"featured_media":4234,"comment_status":"open","ping_status":"open","sticky":false,"template":"","format":"standard","meta":{"rop_custom_images_group":[],"rop_custom_messages_group":[],"rop_publish_now":"initial","rop_publish_now_accounts":{"facebook_2001103103558832_108675811699976":""},"rop_publish_now_history":[],"rop_publish_now_status":"pending","footnotes":""},"categories":[5],"tags":[],"class_list":["post-4232","post","type-post","status-publish","format-standard","has-post-thumbnail","hentry","category-local"],"_links":{"self":[{"href":"https:\/\/reporte272.com\/portal\/wp-json\/wp\/v2\/posts\/4232","targetHints":{"allow":["GET"]}}],"collection":[{"href":"https:\/\/reporte272.com\/portal\/wp-json\/wp\/v2\/posts"}],"about":[{"href":"https:\/\/reporte272.com\/portal\/wp-json\/wp\/v2\/types\/post"}],"author":[{"embeddable":true,"href":"https:\/\/reporte272.com\/portal\/wp-json\/wp\/v2\/users\/2"}],"replies":[{"embeddable":true,"href":"https:\/\/reporte272.com\/portal\/wp-json\/wp\/v2\/comments?post=4232"}],"version-history":[{"count":1,"href":"https:\/\/reporte272.com\/portal\/wp-json\/wp\/v2\/posts\/4232\/revisions"}],"predecessor-version":[{"id":4235,"href":"https:\/\/reporte272.com\/portal\/wp-json\/wp\/v2\/posts\/4232\/revisions\/4235"}],"wp:featuredmedia":[{"embeddable":true,"href":"https:\/\/reporte272.com\/portal\/wp-json\/wp\/v2\/media\/4234"}],"wp:attachment":[{"href":"https:\/\/reporte272.com\/portal\/wp-json\/wp\/v2\/media?parent=4232"}],"wp:term":[{"taxonomy":"category","embeddable":true,"href":"https:\/\/reporte272.com\/portal\/wp-json\/wp\/v2\/categories?post=4232"},{"taxonomy":"post_tag","embeddable":true,"href":"https:\/\/reporte272.com\/portal\/wp-json\/wp\/v2\/tags?post=4232"}],"curies":[{"name":"wp","href":"https:\/\/api.w.org\/{rel}","templated":true}]}}