{"id":4233,"date":"2025-03-11T14:23:59","date_gmt":"2025-03-11T14:23:59","guid":{"rendered":"https:\/\/reporte272.com\/portal\/?p=4233"},"modified":"2025-03-11T14:24:00","modified_gmt":"2025-03-11T14:24:00","slug":"continua-evaluacion-de-danos-en-palacio-de-hierro-tras-actos-vandalicos","status":"publish","type":"post","link":"https:\/\/reporte272.com\/portal\/continua-evaluacion-de-danos-en-palacio-de-hierro-tras-actos-vandalicos\/","title":{"rendered":"Contin\u00faa evaluaci\u00f3n de da\u00f1os en Palacio de Hierro tras actos vand\u00e1licos"},"content":{"rendered":"\n<p class=\"wp-block-paragraph\"><strong>Orizaba, Ver. (Reporte272 \/ Miguel Hern\u00e1ndez).- <\/strong>A varios d\u00edas de los actos vand\u00e1licos perpetrados por el colectivo Marea Verde en el Palacio de Hierro, el Ayuntamiento de Orizaba a\u00fan no ha concluido la evaluaci\u00f3n de los da\u00f1os ni determinado el monto de la inversi\u00f3n necesaria para su reparaci\u00f3n.<\/p>\n\n\n\n<p class=\"wp-block-paragraph\">Uno de los da\u00f1os m\u00e1s relevantes fue la destrucci\u00f3n de un vidrio templado original, que desde su instalaci\u00f3n hab\u00eda permanecido intacto. Fernando Trueba Coll, coordinador de Turismo, inform\u00f3 que la reposici\u00f3n de este cristal tomar\u00e1 alrededor de 15 d\u00edas, debido a que ser\u00e1 necesario fabricarlo a medida.<\/p>\n\n\n\n<p class=\"wp-block-paragraph\">Adem\u00e1s del vidrio del acceso principal a la segunda planta, se reportaron afectaciones en 28 cristales de puertas y ventanas, tres puertas y ventanas de madera, as\u00ed como da\u00f1os en la pintura del inmueble. Trueba Coll destac\u00f3 la importancia de preservar este edificio hist\u00f3rico, al ser un punto clave para el turismo y la identidad cultural de Orizaba.<\/p>\n\n\n\n<p class=\"wp-block-paragraph\">\u201cEl Palacio de Hierro es un s\u00edmbolo de la ciudad y un atractivo tur\u00edstico muy importante. No podemos permitir que su imagen se deteriore; es nuestra responsabilidad conservarlo en buen estado\u201d, se\u00f1al\u00f3 el funcionario.<\/p>\n\n\n\n<p class=\"wp-block-paragraph\">El Ayuntamiento a\u00fan no ha especificado el costo total de las reparaciones, pero inform\u00f3 que el departamento jur\u00eddico presentar\u00e1 una denuncia por los da\u00f1os ocasionados a este inmueble, protegido y catalogado por el Instituto Nacional de Antropolog\u00eda e Historia (INAH). El d\u00eda del incidente, en el interior del edificio se encontraban aproximadamente 10 trabajadores y m\u00e1s de 40 turistas, quienes vivieron momentos de tensi\u00f3n ante la situaci\u00f3n.<\/p>\n\n\n\n<p class=\"wp-block-paragraph\"><strong>A 10 de marzo de 2025, s\u00edguenos en Facebook Reporte272 <\/strong><\/p>\n","protected":false},"excerpt":{"rendered":"<p>Orizaba, Ver. (Reporte272 \/ Miguel Hern\u00e1ndez).- A varios d\u00edas de los actos vand\u00e1licos perpetrados por el colectivo Marea Verde en el Palacio de Hierro, el Ayuntamiento de Orizaba a\u00fan no ha concluido la evaluaci\u00f3n de los da\u00f1os ni determinado el monto de la inversi\u00f3n necesaria para su reparaci\u00f3n. Uno de los da\u00f1os m\u00e1s relevantes fue [&hellip;]<\/p>\n","protected":false},"author":2,"featured_media":4236,"comment_status":"open","ping_status":"open","sticky":false,"template":"","format":"standard","meta":{"rop_custom_images_group":[],"rop_custom_messages_group":[],"rop_publish_now":"initial","rop_publish_now_accounts":{"facebook_2001103103558832_108675811699976":""},"rop_publish_now_history":[],"rop_publish_now_status":"pending","footnotes":""},"categories":[5],"tags":[],"class_list":["post-4233","post","type-post","status-publish","format-standard","has-post-thumbnail","hentry","category-local"],"_links":{"self":[{"href":"https:\/\/reporte272.com\/portal\/wp-json\/wp\/v2\/posts\/4233","targetHints":{"allow":["GET"]}}],"collection":[{"href":"https:\/\/reporte272.com\/portal\/wp-json\/wp\/v2\/posts"}],"about":[{"href":"https:\/\/reporte272.com\/portal\/wp-json\/wp\/v2\/types\/post"}],"author":[{"embeddable":true,"href":"https:\/\/reporte272.com\/portal\/wp-json\/wp\/v2\/users\/2"}],"replies":[{"embeddable":true,"href":"https:\/\/reporte272.com\/portal\/wp-json\/wp\/v2\/comments?post=4233"}],"version-history":[{"count":1,"href":"https:\/\/reporte272.com\/portal\/wp-json\/wp\/v2\/posts\/4233\/revisions"}],"predecessor-version":[{"id":4237,"href":"https:\/\/reporte272.com\/portal\/wp-json\/wp\/v2\/posts\/4233\/revisions\/4237"}],"wp:featuredmedia":[{"embeddable":true,"href":"https:\/\/reporte272.com\/portal\/wp-json\/wp\/v2\/media\/4236"}],"wp:attachment":[{"href":"https:\/\/reporte272.com\/portal\/wp-json\/wp\/v2\/media?parent=4233"}],"wp:term":[{"taxonomy":"category","embeddable":true,"href":"https:\/\/reporte272.com\/portal\/wp-json\/wp\/v2\/categories?post=4233"},{"taxonomy":"post_tag","embeddable":true,"href":"https:\/\/reporte272.com\/portal\/wp-json\/wp\/v2\/tags?post=4233"}],"curies":[{"name":"wp","href":"https:\/\/api.w.org\/{rel}","templated":true}]}}