{"id":4238,"date":"2025-03-11T14:56:01","date_gmt":"2025-03-11T14:56:01","guid":{"rendered":"https:\/\/reporte272.com\/portal\/?p=4238"},"modified":"2025-03-11T14:56:02","modified_gmt":"2025-03-11T14:56:02","slug":"condena-amecope-agresion-a-periodista-orizabena","status":"publish","type":"post","link":"https:\/\/reporte272.com\/portal\/condena-amecope-agresion-a-periodista-orizabena\/","title":{"rendered":"Condena AMECOPE agresi\u00f3n a periodista orizabe\u00f1a"},"content":{"rendered":"\n<p class=\"wp-block-paragraph\">COMUNICADO DE AMECOPE<br>A la opini\u00f3n p\u00fablica<br>H. C\u00f3rdoba, Ver a S\u00e1bado 8 de Marzo del 2025<br>La Asociaci\u00f3n Mexicana de Comunicadores y Periodistas (Amecope) C\u00f3rdoba-Fort\u00edn-Ixtaczoquitl\u00e1n condena en\u00e9rgicamente la agresi\u00f3n sufrida por nuestra compa\u00f1era Yeni Gonz\u00e1lez, reportera de una televisora local, quien fue golpeada por integrantes del colectivo Marea Verde Altas Monta\u00f1as mientras realizaba su labor informativa durante la marcha del 8 de marzo en la ciudad de Orizaba, Veracruz.<br>El ejercicio period\u00edstico es un pilar fundamental de la democracia y debe garantizarse en un entorno seguro y libre de violencia. La agresi\u00f3n a una comunicadora en el ejercicio de su funci\u00f3n es un atentado contra la libertad de prensa y el derecho de la ciudadan\u00eda a estar informada.<br>Reconocemos que la Comisi\u00f3n Estatal para la Atenci\u00f3n y Protecci\u00f3n de los Periodistas (CEAPP) ha tomado conocimiento del caso y exhortamos a que se implementen medidas efectivas de protecci\u00f3n para nuestra compa\u00f1era y para todos los periodistas que este d\u00eda se encuentran cubriendo las marchas en distintas ciudades del estado.<br>Hacemos un llamado a las autoridades y a la sociedad en general para que se respete el trabajo period\u00edstico y se garantice la seguridad de quienes ejercen esta labor con responsabilidad y compromiso.<br>Atentamente<br>Asociaci\u00f3n Mexicana de Comunicadores y Periodistas (Amecope) C\u00f3rdoba-Fort\u00edn-Ixtaczoquitl\u00e1n<\/p>\n","protected":false},"excerpt":{"rendered":"<p>COMUNICADO DE AMECOPEA la opini\u00f3n p\u00fablicaH. C\u00f3rdoba, Ver a S\u00e1bado 8 de Marzo del 2025La Asociaci\u00f3n Mexicana de Comunicadores y Periodistas (Amecope) C\u00f3rdoba-Fort\u00edn-Ixtaczoquitl\u00e1n condena en\u00e9rgicamente la agresi\u00f3n sufrida por nuestra compa\u00f1era Yeni Gonz\u00e1lez, reportera de una televisora local, quien fue golpeada por integrantes del colectivo Marea Verde Altas Monta\u00f1as mientras realizaba su labor informativa durante [&hellip;]<\/p>\n","protected":false},"author":2,"featured_media":4239,"comment_status":"open","ping_status":"open","sticky":false,"template":"","format":"standard","meta":{"rop_custom_images_group":[],"rop_custom_messages_group":[],"rop_publish_now":"initial","rop_publish_now_accounts":{"facebook_2001103103558832_108675811699976":""},"rop_publish_now_history":[],"rop_publish_now_status":"pending","footnotes":""},"categories":[5],"tags":[],"class_list":["post-4238","post","type-post","status-publish","format-standard","has-post-thumbnail","hentry","category-local"],"_links":{"self":[{"href":"https:\/\/reporte272.com\/portal\/wp-json\/wp\/v2\/posts\/4238","targetHints":{"allow":["GET"]}}],"collection":[{"href":"https:\/\/reporte272.com\/portal\/wp-json\/wp\/v2\/posts"}],"about":[{"href":"https:\/\/reporte272.com\/portal\/wp-json\/wp\/v2\/types\/post"}],"author":[{"embeddable":true,"href":"https:\/\/reporte272.com\/portal\/wp-json\/wp\/v2\/users\/2"}],"replies":[{"embeddable":true,"href":"https:\/\/reporte272.com\/portal\/wp-json\/wp\/v2\/comments?post=4238"}],"version-history":[{"count":1,"href":"https:\/\/reporte272.com\/portal\/wp-json\/wp\/v2\/posts\/4238\/revisions"}],"predecessor-version":[{"id":4240,"href":"https:\/\/reporte272.com\/portal\/wp-json\/wp\/v2\/posts\/4238\/revisions\/4240"}],"wp:featuredmedia":[{"embeddable":true,"href":"https:\/\/reporte272.com\/portal\/wp-json\/wp\/v2\/media\/4239"}],"wp:attachment":[{"href":"https:\/\/reporte272.com\/portal\/wp-json\/wp\/v2\/media?parent=4238"}],"wp:term":[{"taxonomy":"category","embeddable":true,"href":"https:\/\/reporte272.com\/portal\/wp-json\/wp\/v2\/categories?post=4238"},{"taxonomy":"post_tag","embeddable":true,"href":"https:\/\/reporte272.com\/portal\/wp-json\/wp\/v2\/tags?post=4238"}],"curies":[{"name":"wp","href":"https:\/\/api.w.org\/{rel}","templated":true}]}}