{"id":4250,"date":"2025-03-12T01:30:54","date_gmt":"2025-03-12T01:30:54","guid":{"rendered":"https:\/\/reporte272.com\/portal\/?p=4250"},"modified":"2025-03-12T01:30:55","modified_gmt":"2025-03-12T01:30:55","slug":"estudiante-se-resbala-de-autobus-de-pasaje","status":"publish","type":"post","link":"https:\/\/reporte272.com\/portal\/estudiante-se-resbala-de-autobus-de-pasaje\/","title":{"rendered":"Estudiante se resbala de autob\u00fas de pasaje"},"content":{"rendered":"\n<p class=\"wp-block-paragraph\"><strong>Orizaba, Ver. (Reporte272).-<\/strong> Una adoslecente result\u00f3 lesionada luego de que cay\u00f3 de manera accidental en la avenida Cri Cri al resbalarse del cami\u00f3n que abordaba; t\u00e9cnicos en urgencias m\u00e9dicas la auxiliaron y la trasladaron a un hospital para su atenci\u00f3n m\u00e9dica.<\/p>\n\n\n\n<p class=\"wp-block-paragraph\">Al filo de las 14:05 horas, la adolescente de 13 a\u00f1os y de identidad resguardada, intentaba subirse al cami\u00f3n de pasaje &#8220;Pista&#8221;, de color azul, para trasladarse a su vivienda, al haber concluido sus clases.<br>Seg\u00fan testigos, la menor sub\u00eda los escalones del autob\u00fas pero al no sujetarse bien de los barandales resbal\u00f3.<br>Tras el percance, hasta la Avenida Cri Cri casi esquin con Privada de Calle San Jos\u00e9 llegaron preventivos de la Polic\u00eda Local as\u00ed como param\u00e9dicos de Protecci\u00f3n Civil Municipal, quienes le brindaron las primeras atenciones a la estudiante y la trasladaron al Hospital IMSS Especialidades, ya que presentaba un dolor en la espalda y cadera por la ca\u00edda.<\/p>\n\n\n\n<p class=\"wp-block-paragraph\">Compa\u00f1eros de la estudiante y directivos del plantel notificaron a la familia de lo acontecido, mientras que el autob\u00fas fue intervenido por las autoridades de la Polic\u00eda Vial para el pago de gastos m\u00e9dicos generados.<\/p>\n","protected":false},"excerpt":{"rendered":"<p>Orizaba, Ver. (Reporte272).- Una adoslecente result\u00f3 lesionada luego de que cay\u00f3 de manera accidental en la avenida Cri Cri al resbalarse del cami\u00f3n que abordaba; t\u00e9cnicos en urgencias m\u00e9dicas la auxiliaron y la trasladaron a un hospital para su atenci\u00f3n m\u00e9dica. Al filo de las 14:05 horas, la adolescente de 13 a\u00f1os y de identidad [&hellip;]<\/p>\n","protected":false},"author":2,"featured_media":4251,"comment_status":"open","ping_status":"open","sticky":false,"template":"","format":"standard","meta":{"rop_custom_images_group":[],"rop_custom_messages_group":[],"rop_publish_now":"initial","rop_publish_now_accounts":{"facebook_2001103103558832_108675811699976":""},"rop_publish_now_history":[],"rop_publish_now_status":"pending","footnotes":""},"categories":[9],"tags":[],"class_list":["post-4250","post","type-post","status-publish","format-standard","has-post-thumbnail","hentry","category-policiaca"],"_links":{"self":[{"href":"https:\/\/reporte272.com\/portal\/wp-json\/wp\/v2\/posts\/4250","targetHints":{"allow":["GET"]}}],"collection":[{"href":"https:\/\/reporte272.com\/portal\/wp-json\/wp\/v2\/posts"}],"about":[{"href":"https:\/\/reporte272.com\/portal\/wp-json\/wp\/v2\/types\/post"}],"author":[{"embeddable":true,"href":"https:\/\/reporte272.com\/portal\/wp-json\/wp\/v2\/users\/2"}],"replies":[{"embeddable":true,"href":"https:\/\/reporte272.com\/portal\/wp-json\/wp\/v2\/comments?post=4250"}],"version-history":[{"count":1,"href":"https:\/\/reporte272.com\/portal\/wp-json\/wp\/v2\/posts\/4250\/revisions"}],"predecessor-version":[{"id":4252,"href":"https:\/\/reporte272.com\/portal\/wp-json\/wp\/v2\/posts\/4250\/revisions\/4252"}],"wp:featuredmedia":[{"embeddable":true,"href":"https:\/\/reporte272.com\/portal\/wp-json\/wp\/v2\/media\/4251"}],"wp:attachment":[{"href":"https:\/\/reporte272.com\/portal\/wp-json\/wp\/v2\/media?parent=4250"}],"wp:term":[{"taxonomy":"category","embeddable":true,"href":"https:\/\/reporte272.com\/portal\/wp-json\/wp\/v2\/categories?post=4250"},{"taxonomy":"post_tag","embeddable":true,"href":"https:\/\/reporte272.com\/portal\/wp-json\/wp\/v2\/tags?post=4250"}],"curies":[{"name":"wp","href":"https:\/\/api.w.org\/{rel}","templated":true}]}}