{"id":4253,"date":"2025-03-12T01:42:31","date_gmt":"2025-03-12T01:42:31","guid":{"rendered":"https:\/\/reporte272.com\/portal\/?p=4253"},"modified":"2025-03-12T01:42:33","modified_gmt":"2025-03-12T01:42:33","slug":"atleta-discapacitada-de-ixhuatlancillo-lleva-ganadas-150-medallas-a-sus-15-anos","status":"publish","type":"post","link":"https:\/\/reporte272.com\/portal\/atleta-discapacitada-de-ixhuatlancillo-lleva-ganadas-150-medallas-a-sus-15-anos\/","title":{"rendered":"Atleta discapacitada de Ixhuatlancillo lleva ganadas 150 medallas a sus 15 a\u00f1os"},"content":{"rendered":"\n<p class=\"wp-block-paragraph\">*Requiere apoyo para seguir compitiendo y para ir al Hospital de la ceguera<\/p>\n\n\n\n<p class=\"wp-block-paragraph\"><strong>R\u00edo Blanco, Ver. (Reporte272 \/ David Alavez Cabra). &#8211;<\/strong> &#8220;En el deporte la gente no cre\u00eda en mi, que yo pod\u00eda correr, no cre\u00edan que iba a poder hacer las cosas que ahora hago. Y hasta el d\u00eda de hoy lo m\u00e1s que he corrido son 10 kil\u00f3metros y pues aqu\u00ed sigo, demostrando que no hay l\u00edmites &#8221; expres\u00f3 Karen Roxana Hern\u00e1ndez, jovencita originaria de Ixhuatlancillo que a sus 15 a\u00f1os lleva ganadas 150 medallas y 20 trofeos como atleta, pero destacando que es discapacitada visual.<\/p>\n\n\n\n<p class=\"wp-block-paragraph\">Acompa\u00f1ada y apoyada siempre por su mam\u00e1, la se\u00f1ora M\u00f3nica Hern\u00e1ndez Carabar\u00edn, de 48 a\u00f1os, Karen tiene una gran historia de vida y superaci\u00f3n a pesar de la adversidad, pues desde el principio de su vida enfrent\u00f3 obst\u00e1culos, pues no pod\u00eda caminar y eso llev\u00f3 a su progenitora buscar ayuda para lograrlo.<\/p>\n\n\n\n<p class=\"wp-block-paragraph\">Primero la ingres\u00f3 a una fundaci\u00f3n donde le estimulaban para que caminara. Pero gracias a un profesor de deportes de nombre Miguel, es que a los tres a\u00f1os inici\u00f3 su camino en el atletismo, al principio para estimular su piernas y ella pudiera caminar, siendo su primera carrera la de la Univo.<\/p>\n\n\n\n<p class=\"wp-block-paragraph\">Desde ah\u00ed segu\u00ed corriendo hasta el d\u00eda de hoy. Me gusta y pues desde muy chiquita yo tengo y hasta ahorita tengo claro que voy a seguir corriendo &#8220;, indic\u00f3 la adolescente que resalt\u00f3 que su abuelo le dec\u00eda que, lo importante no es ganar sino llegar a la meta.<\/p>\n\n\n\n<p class=\"wp-block-paragraph\">Dijo que hace aproximadamente 8 meses, gan\u00f3 la carrera internacional de Orizaba, obteniendo el primer lugar en 10 kil\u00f3metros. Y se prepara para ir a la Ciudad de M\u00e9xico el pr\u00f3ximo 23 de marzo a la carrera Kardias, por el coraz\u00f3n de los ni\u00f1os de M\u00e9xico, en una distancia de 5 kil\u00f3metros.<\/p>\n\n\n\n<p class=\"wp-block-paragraph\">Lo sorprendente es que un d\u00eda despu\u00e9s de la competencia, es decir, el lunes 24 de marzo, debe ir con su mam\u00e1 al Hospital de la ceguera en la misma capital del pa\u00eds, donde le har\u00e1n lavado de ojos y cambio de unos conformadores, para que los pueda abrir y cerrar, de lo contrario tiene riesgo de \u00falcera en los mismos, si no tienen movimiento.<\/p>\n\n\n\n<p class=\"wp-block-paragraph\">&#8220;Yo tengo tres problemas: cataratas, cristalino opaco y la retina desprendida. Pero, si yo no tengo mis conformadores, me cae \u00falcera, que es el cuarto problema si no los tengo puestos&#8221;, explic\u00f3 la valiente atleta.<\/p>\n\n\n\n<p class=\"wp-block-paragraph\">Este reto de salud que enfrenta, se debe a que tuvo un nacimiento prematuro a los 6 meses y medio de gestaci\u00f3n, pues fue un embarazo de alto riesgo, con solo un kilo 100 gramos de peso. Sus pulmones no se desarrollaron por lo que estuvo en la incubadora del Hospital de R\u00edo Blanco, donde desafortunadamente al no cubrirle al 100 por ciento sus ojos, sufri\u00f3 el da\u00f1o que la dej\u00f3 discapacitada.<\/p>\n\n\n\n<p class=\"wp-block-paragraph\">Sin embargo, Karen Roxana Hern\u00e1ndez es una chica optimista que, a pesar de lo que le toc\u00f3 vivir, por lo que da tres consejos a otros adolescentes y j\u00f3venes: primero, que sigan estudiando para tener un mejor futuro y que la vida no se acaba por un peque\u00f1o problema como perder al novio, novia o algo similar.<\/p>\n\n\n\n<p class=\"wp-block-paragraph\">Segundo, que resoeten a las personas con cualquier discapacidad incluso s\u00edndrome de Dwom. Que las incluyan en su vida diaria. Que las ayuden, por ejemplo a pasar la calle o si se encuentran perdidos. Que sean inclusivos con ellos pues no saben lo que ellos est\u00e1n viviendo.<\/p>\n\n\n\n<p class=\"wp-block-paragraph\">Y el tercer consejo es que nunca se rindan. Que persigan sus sue\u00f1os, as\u00ed la gente les diga que no, as\u00ed los maestros o la propia familia les diga &#8216;t\u00fa no puedes por ser mujer o por ser ni\u00f1o o por discapacidad&#8217;. Nunca dejes que nadie te corte las alas. T\u00fa sigue adelante con tus sue\u00f1os de aqu\u00ed a ma\u00f1ana vas a se un gran ejemplo para tu familia, aunque no creyeron en ti&#8221;, afirm\u00f3.<\/p>\n\n\n\n<p class=\"wp-block-paragraph\">Y en ese tenor, Karen quiere estudiar a futuro la carrera de Turismo, adem\u00e1s de ayudar a las personas con discapacidad y crear una fundaci\u00f3n o refugio para los perritos abandonados, pues no le gusta el maltrato ni a humanos ni a los animales.<\/p>\n\n\n\n<p class=\"wp-block-paragraph\">Mientras tanto, la se\u00f1ora M\u00f3nica Hern\u00e1ndez Carabar\u00edn, seguir\u00e1 trabajando para respaldar a su hija, pues desde los 5 a\u00f1os ella se hizo cargo tanto de Karen como de otras dos hermanas *las cu\u00e1les actualmente ya hicieron su vida aparte), al separse del pap\u00e1.<\/p>\n\n\n\n<p class=\"wp-block-paragraph\">Ella, ha cubierto todo para que la menor fuese atendida desde peque\u00f1a al d\u00eda de hoy, tanto en la salud como en su impulso en el deporte. Y aunque en ocasiones algunos le han brindado una mano amiga como el comerciante Paco Amador o la regidor de Ixhuatlancillo, Ana Selvia Rom\u00e1n Corona, requiere m\u00e1s ayuda de gente altruista, por lo que se invita a quien se quiera sumar a ello para que ella siga poniendo en alto a Ixhuatlancillo y al estado de Veracruz, adem\u00e1s de atender su salud, pueden comunicarse al tel\u00e9fono celular 272 7227271.<\/p>\n","protected":false},"excerpt":{"rendered":"<p>*Requiere apoyo para seguir compitiendo y para ir al Hospital de la ceguera R\u00edo Blanco, Ver. (Reporte272 \/ David Alavez Cabra). &#8211; &#8220;En el deporte la gente no cre\u00eda en mi, que yo pod\u00eda correr, no cre\u00edan que iba a poder hacer las cosas que ahora hago. Y hasta el d\u00eda de hoy lo m\u00e1s [&hellip;]<\/p>\n","protected":false},"author":2,"featured_media":4254,"comment_status":"open","ping_status":"open","sticky":false,"template":"","format":"standard","meta":{"rop_custom_images_group":[],"rop_custom_messages_group":[],"rop_publish_now":"initial","rop_publish_now_accounts":{"facebook_2001103103558832_108675811699976":""},"rop_publish_now_history":[],"rop_publish_now_status":"pending","footnotes":""},"categories":[8,5],"tags":[],"class_list":["post-4253","post","type-post","status-publish","format-standard","has-post-thumbnail","hentry","category-deportes","category-local"],"_links":{"self":[{"href":"https:\/\/reporte272.com\/portal\/wp-json\/wp\/v2\/posts\/4253","targetHints":{"allow":["GET"]}}],"collection":[{"href":"https:\/\/reporte272.com\/portal\/wp-json\/wp\/v2\/posts"}],"about":[{"href":"https:\/\/reporte272.com\/portal\/wp-json\/wp\/v2\/types\/post"}],"author":[{"embeddable":true,"href":"https:\/\/reporte272.com\/portal\/wp-json\/wp\/v2\/users\/2"}],"replies":[{"embeddable":true,"href":"https:\/\/reporte272.com\/portal\/wp-json\/wp\/v2\/comments?post=4253"}],"version-history":[{"count":1,"href":"https:\/\/reporte272.com\/portal\/wp-json\/wp\/v2\/posts\/4253\/revisions"}],"predecessor-version":[{"id":4255,"href":"https:\/\/reporte272.com\/portal\/wp-json\/wp\/v2\/posts\/4253\/revisions\/4255"}],"wp:featuredmedia":[{"embeddable":true,"href":"https:\/\/reporte272.com\/portal\/wp-json\/wp\/v2\/media\/4254"}],"wp:attachment":[{"href":"https:\/\/reporte272.com\/portal\/wp-json\/wp\/v2\/media?parent=4253"}],"wp:term":[{"taxonomy":"category","embeddable":true,"href":"https:\/\/reporte272.com\/portal\/wp-json\/wp\/v2\/categories?post=4253"},{"taxonomy":"post_tag","embeddable":true,"href":"https:\/\/reporte272.com\/portal\/wp-json\/wp\/v2\/tags?post=4253"}],"curies":[{"name":"wp","href":"https:\/\/api.w.org\/{rel}","templated":true}]}}