{"id":4259,"date":"2025-03-12T03:04:12","date_gmt":"2025-03-12T03:04:12","guid":{"rendered":"https:\/\/reporte272.com\/portal\/?p=4259"},"modified":"2025-03-12T03:16:41","modified_gmt":"2025-03-12T03:16:41","slug":"cierre-total-de-la-circulacion-en-la-autopista-tehuacan-oaxaca","status":"publish","type":"post","link":"https:\/\/reporte272.com\/portal\/cierre-total-de-la-circulacion-en-la-autopista-tehuacan-oaxaca\/","title":{"rendered":"Cierre total de la circulaci\u00f3n en la autopista Tehuac\u00e1n &#8211; Oaxaca"},"content":{"rendered":"\n<p class=\"wp-block-paragraph\"><strong>Oaxaca, Oax. (Yomara Pacheco)-<\/strong> La tarde de este martes se registr\u00f3 un derrumbe en la autopista Tehuac\u00e1n-Oaxaca, en Cuacnopalan-Oaxaca entre Nochixtl\u00e1n y la caseta de Huitzo.<\/p>\n\n\n\n<p class=\"wp-block-paragraph\">El incidente ocurri\u00f3 en el kil\u00f3metro 206+000 de la autopista entre Nochixtl\u00e1n y Huitzo,en donde el deslizamiento de talud dej\u00f3 toneladas de piedra y tierra sobre la cinta asf\u00e1ltica, por lo que ya autoridades trabajan en la zona para su retiro.<\/p>\n\n\n\n<p class=\"wp-block-paragraph\">Asimismo, se ha implementado un dispositivo de control vial, por parte de las autoridades, en donde se est\u00e1 solicitando a los conductores atender las indicaciones para evitar accidentes.<\/p>\n\n\n\n<p class=\"wp-block-paragraph\">Se prev\u00e9 que la v\u00eda permanezca cerrada por varias horas, lo que ya ocasiona que se genere tr\u00e1fico en ambos sentidos de la autopista y el retraso considerable para los que circulaban por esta zona.<\/p>\n\n\n\n<p class=\"wp-block-paragraph\">Se esta recomendando tomar precauciones y considerar v\u00edas alternas como la carretera federal.<br>No se reportan veh\u00edculos afectados, ni personas lesionadas por este derrumbe.<\/p>\n\n\n\n<p class=\"wp-block-paragraph\"><\/p>\n","protected":false},"excerpt":{"rendered":"<p>Oaxaca, Oax. (Yomara Pacheco)- La tarde de este martes se registr\u00f3 un derrumbe en la autopista Tehuac\u00e1n-Oaxaca, en Cuacnopalan-Oaxaca entre Nochixtl\u00e1n y la caseta de Huitzo. El incidente ocurri\u00f3 en el kil\u00f3metro 206+000 de la autopista entre Nochixtl\u00e1n y Huitzo,en donde el deslizamiento de talud dej\u00f3 toneladas de piedra y tierra sobre la cinta asf\u00e1ltica, [&hellip;]<\/p>\n","protected":false},"author":2,"featured_media":4260,"comment_status":"open","ping_status":"open","sticky":false,"template":"","format":"standard","meta":{"rop_custom_images_group":[],"rop_custom_messages_group":[],"rop_publish_now":"initial","rop_publish_now_accounts":{"facebook_2001103103558832_108675811699976":""},"rop_publish_now_history":[],"rop_publish_now_status":"pending","footnotes":""},"categories":[7],"tags":[],"class_list":["post-4259","post","type-post","status-publish","format-standard","has-post-thumbnail","hentry","category-nacional"],"_links":{"self":[{"href":"https:\/\/reporte272.com\/portal\/wp-json\/wp\/v2\/posts\/4259","targetHints":{"allow":["GET"]}}],"collection":[{"href":"https:\/\/reporte272.com\/portal\/wp-json\/wp\/v2\/posts"}],"about":[{"href":"https:\/\/reporte272.com\/portal\/wp-json\/wp\/v2\/types\/post"}],"author":[{"embeddable":true,"href":"https:\/\/reporte272.com\/portal\/wp-json\/wp\/v2\/users\/2"}],"replies":[{"embeddable":true,"href":"https:\/\/reporte272.com\/portal\/wp-json\/wp\/v2\/comments?post=4259"}],"version-history":[{"count":2,"href":"https:\/\/reporte272.com\/portal\/wp-json\/wp\/v2\/posts\/4259\/revisions"}],"predecessor-version":[{"id":4266,"href":"https:\/\/reporte272.com\/portal\/wp-json\/wp\/v2\/posts\/4259\/revisions\/4266"}],"wp:featuredmedia":[{"embeddable":true,"href":"https:\/\/reporte272.com\/portal\/wp-json\/wp\/v2\/media\/4260"}],"wp:attachment":[{"href":"https:\/\/reporte272.com\/portal\/wp-json\/wp\/v2\/media?parent=4259"}],"wp:term":[{"taxonomy":"category","embeddable":true,"href":"https:\/\/reporte272.com\/portal\/wp-json\/wp\/v2\/categories?post=4259"},{"taxonomy":"post_tag","embeddable":true,"href":"https:\/\/reporte272.com\/portal\/wp-json\/wp\/v2\/tags?post=4259"}],"curies":[{"name":"wp","href":"https:\/\/api.w.org\/{rel}","templated":true}]}}