{"id":4262,"date":"2025-03-12T03:07:52","date_gmt":"2025-03-12T03:07:52","guid":{"rendered":"https:\/\/reporte272.com\/portal\/?p=4262"},"modified":"2025-03-12T03:07:53","modified_gmt":"2025-03-12T03:07:53","slug":"convoca-la-cnte-a-paro-nacional-de-72-horas-los-dias-19-20-y-21-de-marzo","status":"publish","type":"post","link":"https:\/\/reporte272.com\/portal\/convoca-la-cnte-a-paro-nacional-de-72-horas-los-dias-19-20-y-21-de-marzo\/","title":{"rendered":"Convoca la CNTE a Paro Nacional de 72 horas los d\u00edas 19, 20 y 21 de marzo"},"content":{"rendered":"\n<p class=\"wp-block-paragraph\">La Asamblea Nacional Representativa del 15 de febrero ha determinado la realizaci\u00f3n de un paro nacional los d\u00edas 19, 20 y 21 de marzo, con concentraci\u00f3n masiva en el Z\u00f3calo de la Ciudad de M\u00e9xico y una marcha nacional el 19 de marzo a las 9:00 hrs. del Congreso de la Uni\u00f3n al Palacio Nacional.<br>Este paro no es una acci\u00f3n simb\u00f3lica. Es una respuesta organizada y combativa ante la indiferencia y el enga\u00f1o del gobierno. No basta con la &#8220;pausa&#8221; en la iniciativa de reforma al ISSSTE. Exigimos la abrogaci\u00f3n total de la ley de 2007 y una soluci\u00f3n definitiva a la demanda hist\u00f3rica de los trabajadores del Estado.<br>La CNTE exige:<br>Abrogaci\u00f3n total de la Ley del ISSSTE de 2007<br>Abrogaci\u00f3n de la mal llamada reforma educativa Pe\u00f1a-AMLO<br>Aumento salarial del 100% directo al sueldo base<br>Justicia social y estabilidad laboral<br>Llamamos a todo el magisterio nacional a romper con la pasividad, a unificarse y a construir desde cada escuela, cada delegaci\u00f3n y cada contingente las condiciones para una participaci\u00f3n contundente.<br>\u00a1AQU\u00cd Y AHORA, CON LA COORDINADORA!<br>\u00a1UNIDOS Y ORGANIZADOS, VENCEREMOS!<\/p>\n","protected":false},"excerpt":{"rendered":"<p>La Asamblea Nacional Representativa del 15 de febrero ha determinado la realizaci\u00f3n de un paro nacional los d\u00edas 19, 20 y 21 de marzo, con concentraci\u00f3n masiva en el Z\u00f3calo de la Ciudad de M\u00e9xico y una marcha nacional el 19 de marzo a las 9:00 hrs. del Congreso de la Uni\u00f3n al Palacio Nacional.Este [&hellip;]<\/p>\n","protected":false},"author":2,"featured_media":4263,"comment_status":"open","ping_status":"open","sticky":false,"template":"","format":"standard","meta":{"rop_custom_images_group":[],"rop_custom_messages_group":[],"rop_publish_now":"initial","rop_publish_now_accounts":{"facebook_2001103103558832_108675811699976":""},"rop_publish_now_history":[],"rop_publish_now_status":"pending","footnotes":""},"categories":[5,7],"tags":[],"class_list":["post-4262","post","type-post","status-publish","format-standard","has-post-thumbnail","hentry","category-local","category-nacional"],"_links":{"self":[{"href":"https:\/\/reporte272.com\/portal\/wp-json\/wp\/v2\/posts\/4262","targetHints":{"allow":["GET"]}}],"collection":[{"href":"https:\/\/reporte272.com\/portal\/wp-json\/wp\/v2\/posts"}],"about":[{"href":"https:\/\/reporte272.com\/portal\/wp-json\/wp\/v2\/types\/post"}],"author":[{"embeddable":true,"href":"https:\/\/reporte272.com\/portal\/wp-json\/wp\/v2\/users\/2"}],"replies":[{"embeddable":true,"href":"https:\/\/reporte272.com\/portal\/wp-json\/wp\/v2\/comments?post=4262"}],"version-history":[{"count":1,"href":"https:\/\/reporte272.com\/portal\/wp-json\/wp\/v2\/posts\/4262\/revisions"}],"predecessor-version":[{"id":4264,"href":"https:\/\/reporte272.com\/portal\/wp-json\/wp\/v2\/posts\/4262\/revisions\/4264"}],"wp:featuredmedia":[{"embeddable":true,"href":"https:\/\/reporte272.com\/portal\/wp-json\/wp\/v2\/media\/4263"}],"wp:attachment":[{"href":"https:\/\/reporte272.com\/portal\/wp-json\/wp\/v2\/media?parent=4262"}],"wp:term":[{"taxonomy":"category","embeddable":true,"href":"https:\/\/reporte272.com\/portal\/wp-json\/wp\/v2\/categories?post=4262"},{"taxonomy":"post_tag","embeddable":true,"href":"https:\/\/reporte272.com\/portal\/wp-json\/wp\/v2\/tags?post=4262"}],"curies":[{"name":"wp","href":"https:\/\/api.w.org\/{rel}","templated":true}]}}